{"id":8896,"date":"2022-12-05T06:01:49","date_gmt":"2022-12-05T09:01:49","guid":{"rendered":"https:\/\/123empregos.com.br\/?p=8896"},"modified":"2022-12-05T06:01:49","modified_gmt":"2022-12-05T09:01:49","slug":"cooperativa-de-credito-abre-mais-vagas-de-emprego-confira","status":"publish","type":"post","link":"https:\/\/99empregos.com.br\/blog\/cooperativa-de-credito-abre-mais-vagas-de-emprego-confira\/","title":{"rendered":"Cooperativa de cr\u00e9dito abre mais vagas de emprego, confira"},"content":{"rendered":"<p>A Central Alios, cooperativa de cr\u00e9dito que conta com mais de 1 milh\u00e3o de clientes, est\u00e1 com<a href=\"https:\/\/99empregos.com.br\/vaga\/tecban-anuncia-vagas-de-emprego-pelo-pais-veja-os-cargos\/\"> novas vagas<\/a> de emprego abertas. Em plena expans\u00e3o no mercado nacional, a companhia segue em busca de novos profissionais, confira quais s\u00e3o as oportunidades:<\/p>\n<ul>\n<li><span style=\"font-weight: 400\">Agilista &#8211; Tribo de Empr\u00e9stimos e Repasses Blumenau\/SC;\u00a0\u00a0<\/span><\/li>\n<li><span style=\"font-weight: 400\">Analista de Comunica\u00e7\u00e3o e Marketing III &#8211; Intelig\u00eancia de Mercado Blumenau\/SC e Remoto;\u00a0\u00a0<\/span><\/li>\n<li><span style=\"font-weight: 400\">Analista de Comunica\u00e7\u00e3o e Marketing II &#8211; Product Marketing; Manager Blumenau\/SC e Remoto;\u00a0\u00a0<\/span><\/li>\n<li><span style=\"font-weight: 400\">Analista de Dados II Blumenau\/SC e Remoto;\u00a0\u00a0<\/span><\/li>\n<li><span style=\"font-weight: 400\">Analista de Produtos e Neg\u00f3cios I &#8211; Canal Governo Blumenau\/SC;\u00a0\u00a0<\/span><\/li>\n<li><span style=\"font-weight: 400\">Analista de Qualidade de TI II (Automa\u00e7\u00e3o de Testes) Blumenau\/SC e Remoto;\u00a0\u00a0<\/span><\/li>\n<li><span style=\"font-weight: 400\">Analista de Qualidade de TI III (Automa\u00e7\u00e3o de Testes) Blumenau\/SC e Remoto;\u00a0\u00a0<\/span><\/li>\n<li><span style=\"font-weight: 400\">Analista de Qualidade de TI &#8211; Tribo PIX Ji-Paran\u00e1\/RO e Remoto;\u00a0\u00a0<\/span><\/li>\n<li><span style=\"font-weight: 400\">Analista de Riscos e Controles III Blumenau\/SC;\u00a0\u00a0<\/span><\/li>\n<li><span style=\"font-weight: 400\">Analista de Sistemas Dynamics &#8211; Tribo CRM e Cooperados Blumenau\/SC e Remoto;\u00a0\u00a0<\/span><\/li>\n<li><span style=\"font-weight: 400\">Analista de Sistemas Mobile &#8211; Tribo Experi\u00eancia Digital Blumenau\/SC e Remoto;\u00a0\u00a0<\/span><\/li>\n<li><span style=\"font-weight: 400\">Analista de Sistemas &#8211; Tribo Corporativo Blumenau\/SC;\u00a0\u00a0<\/span><\/li>\n<li><span style=\"font-weight: 400\">Analista de Sistemas &#8211; Tribo Corporativo Blumenau\/SC;\u00a0\u00a0<\/span><\/li>\n<li><span style=\"font-weight: 400\">Analista de Sistemas &#8211; Tribo Investimentos Blumenau\/SC e Remoto;\u00a0\u00a0<\/span><\/li>\n<li><span style=\"font-weight: 400\">Analista de Sistemas &#8211; Tribo Produtos de Cr\u00e9dito Blumenau\/SC;\u00a0\u00a0<\/span><\/li>\n<li><span style=\"font-weight: 400\">Analista de Sistemas &#8211; Tribos de Empr\u00e9stimos e Repasses Blumenau\/SC e Remoto;\u00a0\u00a0<\/span><\/li>\n<li><span style=\"font-weight: 400\">Analista de Sistemas &#8211; Tribo Transforma\u00e7\u00e3o Core Blumenau\/SC e Remoto;\u00a0\u00a0<\/span><\/li>\n<li><span style=\"font-weight: 400\">Analista de Suporte Linux II \u2013 Open Source Blumenau\/SC e Remoto;\u00a0\u00a0<\/span><\/li>\n<li><span style=\"font-weight: 400\">Arquiteto Corporativo de TI Blumenau\/SC e Remoto;\u00a0\u00a0<\/span><\/li>\n<li><span style=\"font-weight: 400\">Arquiteto Corporativo de TI Blumenau\/SC e Remoto;\u00a0\u00a0<\/span><\/li>\n<li><span style=\"font-weight: 400\">Arquiteto Corporativo de TI Blumenau\/SC e Remoto;\u00a0\u00a0<\/span><\/li>\n<li><span style=\"font-weight: 400\">Arquiteto Corporativo &#8211; Foco em Dados Blumenau\/SC e Remoto;\u00a0\u00a0<\/span><\/li>\n<li><span style=\"font-weight: 400\">Assistente de TI II &#8211; SOC Blumenau\/SC;\u00a0\u00a0<\/span><\/li>\n<li><span style=\"font-weight: 400\">Banco de Talentos | Assistente de SAC Blumenau\/SC;<\/span><\/li>\n<li><span style=\"font-weight: 400\">Banco de Talentos &#8211; Pessoas com Defici\u00eancia (PCD) Blumenau\/SC e Remoto;\u00a0<\/span><\/li>\n<li><span style=\"font-weight: 400\">Banco de Talentos | SAC 50+ Blumenau\/SC;\u00a0<\/span><\/li>\n<li><span style=\"font-weight: 400\">Consultor de Neg\u00f3cios Cooperativos S\u00e3o Jos\u00e9 dos Pinhais\/PR e Remoto.<\/span><\/li>\n<\/ul>\n<figure id=\"attachment_8898\" aria-describedby=\"caption-attachment-8898\" style=\"width: 1200px\" class=\"wp-caption aligncenter\"><img decoding=\"async\" class=\"size-full wp-image-8898\" src=\"https:\/\/99empregos.com.br\/wp-content\/uploads\/2022\/12\/ailos-2022.jpg\" alt=\"Central Ailos abre novas vagas de emprego, confira. Foto: Divulga\u00e7\u00e3o\" width=\"1200\" height=\"750\" srcset=\"https:\/\/99empregos.com.br\/blog\/wp-content\/uploads\/2022\/12\/ailos-2022.jpg 1200w, https:\/\/99empregos.com.br\/blog\/wp-content\/uploads\/2022\/12\/ailos-2022-300x188.jpg 300w, https:\/\/99empregos.com.br\/blog\/wp-content\/uploads\/2022\/12\/ailos-2022-1024x640.jpg 1024w, https:\/\/99empregos.com.br\/blog\/wp-content\/uploads\/2022\/12\/ailos-2022-768x480.jpg 768w\" sizes=\"(max-width: 1200px) 100vw, 1200px\" \/><figcaption id=\"caption-attachment-8898\" class=\"wp-caption-text\">Central Ailos abre novas vagas de emprego, confira. Foto: Divulga\u00e7\u00e3o<\/figcaption><\/figure>\n<h3>Mais informa\u00e7\u00f5es sobre a Central Ailos<\/h3>\n<p>Na Central Ailos,\u00a0somos movidos pela uni\u00e3o de diferentes talentos com o mesmo prop\u00f3sito: cooperar para transformar vidas. \u00c9 assim que crescemos e evolu\u00edmos, trabalhando juntos para chegar aonde ningu\u00e9m mais chegou, levando nossos talentos cada vez mais longe, oferecendo um ambiente colaborativo, e muita oportunidade e est\u00edmulo para que alcancem seus objetivos ao nosso lado.<\/p>\n<p>Fazemos parte do Sistema Ailos, composto por 13 cooperativas de cr\u00e9dito, uma corretora de seguros, e n\u00f3s da cooperativa Central. Estamos em plena expans\u00e3o, tanto f\u00edsica quanto tecnol\u00f3gica, para desenvolver solu\u00e7\u00f5es cada vez mais eficazes, assim como produtos e servi\u00e7os financeiros que fazem a diferen\u00e7a na vida dos nossos mais de 1 milh\u00e3o de cooperados.<\/p>\n<h3>Como se candidatar<\/h3>\n<p>Se voc\u00ea encontrou uma nova oportunidade de emprego na Central Ailos,<a href=\"https:\/\/99empregos.com.br\/vaga\/central-ailos-abre-novas-vagas-de-emprego-confira\/\"> basta clicar neste link<\/a> para se candidatar. No entanto, antes de efetivar a sua inscri\u00e7\u00e3o, recomendamos que fa\u00e7a uma revis\u00e3o completa de todos os detalhes e pr\u00e9-requisitos solicitados pela vaga em quest\u00e3o. Boa sorte!<\/p>\n","protected":false},"excerpt":{"rendered":"<p>A Central Alios, cooperativa de cr\u00e9dito que conta com mais de 1 milh\u00e3o de clientes, est\u00e1 com novas vagas de emprego abertas. Em plena expans\u00e3o no mercado nacional, a companhia segue em busca de novos profissionais, confira quais s\u00e3o as oportunidades: Agilista &#8211; Tribo de Empr\u00e9stimos e Repasses Blumenau\/SC;\u00a0\u00a0 Analista de Comunica\u00e7\u00e3o e Marketing III [&hellip;]<\/p>\n","protected":false},"author":8,"featured_media":8899,"comment_status":"open","ping_status":"closed","sticky":false,"template":"","format":"standard","meta":{"footnotes":""},"categories":[7],"tags":[444,778,248],"class_list":["post-8896","post","type-post","status-publish","format-standard","has-post-thumbnail","hentry","category-noticias","tag-empregos-2022","tag-novas-oportunidades","tag-vaga"],"_links":{"self":[{"href":"https:\/\/99empregos.com.br\/blog\/wp-json\/wp\/v2\/posts\/8896","targetHints":{"allow":["GET"]}}],"collection":[{"href":"https:\/\/99empregos.com.br\/blog\/wp-json\/wp\/v2\/posts"}],"about":[{"href":"https:\/\/99empregos.com.br\/blog\/wp-json\/wp\/v2\/types\/post"}],"author":[{"embeddable":true,"href":"https:\/\/99empregos.com.br\/blog\/wp-json\/wp\/v2\/users\/8"}],"replies":[{"embeddable":true,"href":"https:\/\/99empregos.com.br\/blog\/wp-json\/wp\/v2\/comments?post=8896"}],"version-history":[{"count":0,"href":"https:\/\/99empregos.com.br\/blog\/wp-json\/wp\/v2\/posts\/8896\/revisions"}],"wp:featuredmedia":[{"embeddable":true,"href":"https:\/\/99empregos.com.br\/blog\/wp-json\/wp\/v2\/media\/8899"}],"wp:attachment":[{"href":"https:\/\/99empregos.com.br\/blog\/wp-json\/wp\/v2\/media?parent=8896"}],"wp:term":[{"taxonomy":"category","embeddable":true,"href":"https:\/\/99empregos.com.br\/blog\/wp-json\/wp\/v2\/categories?post=8896"},{"taxonomy":"post_tag","embeddable":true,"href":"https:\/\/99empregos.com.br\/blog\/wp-json\/wp\/v2\/tags?post=8896"}],"curies":[{"name":"wp","href":"https:\/\/api.w.org\/{rel}","templated":true}]}}