{"id":8903,"date":"2022-12-05T06:17:59","date_gmt":"2022-12-05T09:17:59","guid":{"rendered":"https:\/\/123empregos.com.br\/?p=8903"},"modified":"2022-12-05T06:17:59","modified_gmt":"2022-12-05T09:17:59","slug":"rede-varejista-abre-novas-vagas-de-emprego","status":"publish","type":"post","link":"https:\/\/99empregos.com.br\/blog\/rede-varejista-abre-novas-vagas-de-emprego\/","title":{"rendered":"Rede varejista abre novas vagas de emprego"},"content":{"rendered":"<p>A Hortifruti Natual da Terra, primeira e maior rede varejista de hortifrutigranjeiros do Brasil, est\u00e1 com <a href=\"https:\/\/99empregos.com.br\/fundacao-paulistana-abre-vagas-de-analista-de-educacao-inscricoes-vao-ate-07-de-dezembro\/\">novas oportunidades<\/a> de emprego abertas. Em franca expans\u00e3o no mercado nacional, a companhia busca agora os seguintes profissionais para integrarem sua equipe:<\/p>\n<ul>\n<li><span style=\"font-weight: 400\">Analista De Comunica\u00e7\u00e3o Corporativa &#8211; Rio de Janeiro &#8211; RJ;\u00a0<\/span><\/li>\n<li><span style=\"font-weight: 400\">Assistente De Marketing &#8211; Rio de Janeiro &#8211; RJ [ANALISTA DE MARKETING SR &#8211; Todo Brasil;\u00a0<\/span><\/li>\n<li><span style=\"font-weight: 400\">Assistente Administrativo &#8211; Exclusivo Para PCD &#8211; S\u00e3o Paulo &#8211; SP;\u00a0<\/span><\/li>\n<li><span style=\"font-weight: 400\">Cozinheiro(A) &#8211; Botafogo &#8211; Rio de Janeiro &#8211; RJ;\u00a0<\/span><\/li>\n<li><span style=\"font-weight: 400\">Operador(A) De Loja &#8211; Cabo Frio &#8211; RJ;\u00a0<\/span><\/li>\n<li><span style=\"font-weight: 400\">Auxiliar De Padaria &#8211; Cabo Frio &#8211; RJ;\u00a0<\/span><\/li>\n<li><span style=\"font-weight: 400\">Manipulador De Alimentos &#8211; Arma\u00e7\u00e3o dos B\u00fazios &#8211; RJ;\u00a0<\/span><\/li>\n<li><span style=\"font-weight: 400\">Operador(A) De Loja &#8211; Zona Sul &#8211; Rio de Janeiro &#8211; RJ;\u00a0<\/span><\/li>\n<li><span style=\"font-weight: 400\">Operador De Caixa &#8211; Zona Sul &#8211; Rio de Janeiro &#8211; RJ;\u00a0<\/span><\/li>\n<li><span style=\"font-weight: 400\">Empacotador PCD &#8211; Zona Sul &#8211; Rio de Janeiro &#8211; RJ;\u00a0<\/span><\/li>\n<li><span style=\"font-weight: 400\">Operador De Empilhadeira &#8211; CD PAVUNA &#8211; Rio de Janeiro &#8211; RJ;\u00a0<\/span><\/li>\n<li><span style=\"font-weight: 400\">Sushimeiro S\u00e3o Bernardo Do Campo;\u00a0<\/span><\/li>\n<li><span style=\"font-weight: 400\">Empacotador &#8211; S\u00e3o Bernardo &#8211; SP;<\/span><\/li>\n<li><span style=\"font-weight: 400\">Operador (A) De Loja (Mercearia) &#8211; Para\u00edso &#8211; S\u00e3o Paulo &#8211; SP;\u00a0<\/span><\/li>\n<li><span style=\"font-weight: 400\">Empacotador &#8211; Para\u00edso &#8211; S\u00e3o Paulo &#8211; SP;\u00a0<\/span><\/li>\n<li><span style=\"font-weight: 400\">A\u00e7ougueiro &#8211; Zona Sul\/ Para\u00edso &#8211; S\u00e3o Paulo &#8211; SP;\u00a0<\/span><\/li>\n<li><span style=\"font-weight: 400\">Cozinheiro &#8211; Nhambiquaras &#8211; S\u00e3o Paulo &#8211; SP;\u00a0<\/span><\/li>\n<li><span style=\"font-weight: 400\">Operador De Lanchonete- Nhambiquaras &#8211; S\u00e3o Paulo &#8211; SP;\u00a0<\/span><\/li>\n<li><span style=\"font-weight: 400\">Operador (A) De Loja (Mercearia) &#8211; Nhambiquaras &#8211; S\u00e3o Paulo &#8211; SP;<\/span><\/li>\n<li><span style=\"font-weight: 400\">Operador De Caixa E Delivery- Jo\u00e3o Cachoeira &#8211; S\u00e3o Paulo &#8211; SP;\u00a0<\/span><\/li>\n<li><span style=\"font-weight: 400\">Operador De Caixa E Delivery- Interlagos &#8211; S\u00e3o Paulo &#8211; SP;\u00a0<\/span><\/li>\n<li><span style=\"font-weight: 400\">Manipulador De Alimentos- Interlagos &#8211; S\u00e3o Paulo &#8211; SP;\u00a0<\/span><\/li>\n<li><span style=\"font-weight: 400\">Analista De Controle De Gest\u00e3o De Loja PL &#8211; S\u00e3o Paulo &#8211; SP;\u00a0<\/span><\/li>\n<li><span style=\"font-weight: 400\">Analista De Categoria SR &#8211; Rio de Janeiro &#8211; RJ;\u00a0<\/span><\/li>\n<li><span style=\"font-weight: 400\">Analista De Novos Neg\u00f3cios SR &#8211; Rio de Janeiro &#8211; RJ;\u00a0<\/span><\/li>\n<li><span style=\"font-weight: 400\">Assistente De Log\u00edstica &#8211; Rio de Janeiro &#8211; RJ;\u00a0<\/span><\/li>\n<li><span style=\"font-weight: 400\">Operador De Caixa &#8211; PCD &#8211; Rio de Janeiro &#8211; RJ;\u00a0<\/span><\/li>\n<li><span style=\"font-weight: 400\">Promotor De Degusta\u00e7\u00e3o \/ Cozinheiro(A) &#8211; Rio de Janeiro &#8211; RJ;<\/span><\/li>\n<li><span style=\"font-weight: 400\">Operador(A) De Loja &#8211; PCD &#8211; Rio de Janeiro &#8211; RJ.<\/span><\/li>\n<\/ul>\n<figure id=\"attachment_8905\" aria-describedby=\"caption-attachment-8905\" style=\"width: 1200px\" class=\"wp-caption aligncenter\"><img decoding=\"async\" class=\"size-full wp-image-8905\" src=\"https:\/\/99empregos.com.br\/wp-content\/uploads\/2022\/12\/natural-vagas-2022.jpg\" alt=\"Hortifruti Natural da Terra abre novas vagas de emprego. Foto: Divulga\u00e7\u00e3o\" width=\"1200\" height=\"750\" srcset=\"https:\/\/99empregos.com.br\/blog\/wp-content\/uploads\/2022\/12\/natural-vagas-2022.jpg 1200w, https:\/\/99empregos.com.br\/blog\/wp-content\/uploads\/2022\/12\/natural-vagas-2022-300x188.jpg 300w, https:\/\/99empregos.com.br\/blog\/wp-content\/uploads\/2022\/12\/natural-vagas-2022-1024x640.jpg 1024w, https:\/\/99empregos.com.br\/blog\/wp-content\/uploads\/2022\/12\/natural-vagas-2022-768x480.jpg 768w\" sizes=\"(max-width: 1200px) 100vw, 1200px\" \/><figcaption id=\"caption-attachment-8905\" class=\"wp-caption-text\">Hortifruti Natural da Terra abre novas vagas de emprego. Foto: Divulga\u00e7\u00e3o<\/figcaption><\/figure>\n<h3>Sobre a Hortifruti Natural da Terra<\/h3>\n<p>Somos o Grupo Hortifruti Natural da Terra, a primeira e maior rede varejista de hortifrutigranjeiros do Brasil.<br \/>\nCriamos um segmento com um jeito diferente de oferecer o frescor das feiras com a praticidade dos grandes mercados. Nosso compromisso \u00e9 levar sempre at\u00e9 a mesa dos nossos clientes o que a natureza tem de melhor, com frutas, legumes, verduras fresquinhas e, assim, ajud\u00e1-los a ter uma vida mais saud\u00e1vel.<\/p>\n<h3>Como se candidatar \u00e0s vagas de emprego abertas<\/h3>\n<p>Se voc\u00ea encontrou uma nova oportunidade de emprego, <a href=\"https:\/\/99empregos.com.br\/vaga\/hortifruti-natural-da-terra-abre-novas-vagas\/\">basta clicar neste link.<\/a> No entanto, antes de efetivar a sua candidatura na Hortifruti Natural da Terra, recomendamos que fa\u00e7a uma revis\u00e3o completa e detalhada de todos os pr\u00e9-requisitos solicitados. Boa sorte!<\/p>\n","protected":false},"excerpt":{"rendered":"<p>A Hortifruti Natual da Terra, primeira e maior rede varejista de hortifrutigranjeiros do Brasil, est\u00e1 com novas oportunidades de emprego abertas. Em franca expans\u00e3o no mercado nacional, a companhia busca agora os seguintes profissionais para integrarem sua equipe: Analista De Comunica\u00e7\u00e3o Corporativa &#8211; Rio de Janeiro &#8211; RJ;\u00a0 Assistente De Marketing &#8211; Rio de Janeiro [&hellip;]<\/p>\n","protected":false},"author":8,"featured_media":8906,"comment_status":"open","ping_status":"closed","sticky":false,"template":"","format":"standard","meta":{"footnotes":""},"categories":[7],"tags":[603,5,37],"class_list":["post-8903","post","type-post","status-publish","format-standard","has-post-thumbnail","hentry","category-noticias","tag-603","tag-empregos","tag-vagas"],"_links":{"self":[{"href":"https:\/\/99empregos.com.br\/blog\/wp-json\/wp\/v2\/posts\/8903","targetHints":{"allow":["GET"]}}],"collection":[{"href":"https:\/\/99empregos.com.br\/blog\/wp-json\/wp\/v2\/posts"}],"about":[{"href":"https:\/\/99empregos.com.br\/blog\/wp-json\/wp\/v2\/types\/post"}],"author":[{"embeddable":true,"href":"https:\/\/99empregos.com.br\/blog\/wp-json\/wp\/v2\/users\/8"}],"replies":[{"embeddable":true,"href":"https:\/\/99empregos.com.br\/blog\/wp-json\/wp\/v2\/comments?post=8903"}],"version-history":[{"count":0,"href":"https:\/\/99empregos.com.br\/blog\/wp-json\/wp\/v2\/posts\/8903\/revisions"}],"wp:featuredmedia":[{"embeddable":true,"href":"https:\/\/99empregos.com.br\/blog\/wp-json\/wp\/v2\/media\/8906"}],"wp:attachment":[{"href":"https:\/\/99empregos.com.br\/blog\/wp-json\/wp\/v2\/media?parent=8903"}],"wp:term":[{"taxonomy":"category","embeddable":true,"href":"https:\/\/99empregos.com.br\/blog\/wp-json\/wp\/v2\/categories?post=8903"},{"taxonomy":"post_tag","embeddable":true,"href":"https:\/\/99empregos.com.br\/blog\/wp-json\/wp\/v2\/tags?post=8903"}],"curies":[{"name":"wp","href":"https:\/\/api.w.org\/{rel}","templated":true}]}}