{"id":8997,"date":"2022-12-05T11:14:43","date_gmt":"2022-12-05T14:14:43","guid":{"rendered":"https:\/\/123empregos.com.br\/?p=8997"},"modified":"2022-12-05T11:14:43","modified_gmt":"2022-12-05T14:14:43","slug":"ambev-abre-processo-seletivo-de-jovem-aprendiz","status":"publish","type":"post","link":"https:\/\/99empregos.com.br\/blog\/ambev-abre-processo-seletivo-de-jovem-aprendiz\/","title":{"rendered":"Ambev abre processo seletivo de jovem aprendiz"},"content":{"rendered":"<p><span style=\"font-weight: 400\">A Ambev \u00e9 a maior cervejaria do Brasil e \u00e9 respons\u00e1vel pelos principais r\u00f3tulos de bebidas que s\u00e3o vendidos no mercado brasileiro.<\/span><\/p>\n<p><span style=\"font-weight: 400\">Ela pertence ao grupo Anheuser-Busch InBev e \u00e9 respons\u00e1vel por controlar 69% das cervejas e \u00e9 a 14\u00ba maior empresa do pa\u00eds em receita l\u00edquida.<\/span><\/p>\n<p><span style=\"font-weight: 400\">Foi fundada em 1999, a partir da fus\u00e3o entre as ent\u00e3o concorrentes Companhia Antarctica Paulista e a Companhia Cervejaria Brahma.<\/span><\/p>\n<p><span style=\"font-weight: 400\">Com o decorrer dos anos, a companhia juntou novas marcas e cervejarias para o seu portf\u00f3lio e expandiu as suas produ\u00e7\u00e3o para o que conhecemos hoje em dia.<\/span><\/p>\n<p><span style=\"font-weight: 400\">Atualmente, a Ambev conta com mais de 10 mil funcion\u00e1rios espalhados em todo o Brasil.<\/span><\/p>\n<p><span style=\"font-weight: 400\">Mas neste m\u00eas, ela decidiu expandir o seu time e abriu uma nova oportunidade de jovem aprendiz.<\/span><\/p>\n<h2><span style=\"font-weight: 400\">Qualifica\u00e7\u00f5es da vaga da Ambev<\/span><\/h2>\n<p><span style=\"font-weight: 400\">A Ambev est\u00e1 em busca de um perfil espec\u00edfico para poder ocupar a sua vaga de jovem aprendiz. Veja as principais qualifica\u00e7\u00f5es:<\/span><\/p>\n<ul>\n<li style=\"font-weight: 400\"><span style=\"font-weight: 400\">Foco em resultado;<\/span><\/li>\n<li style=\"font-weight: 400\"><span style=\"font-weight: 400\">Dinamismo;<\/span><\/li>\n<li style=\"font-weight: 400\"><span style=\"font-weight: 400\">Organiza\u00e7\u00e3o;<\/span><\/li>\n<li style=\"font-weight: 400\"><span style=\"font-weight: 400\">Estar matriculado em um curso de aprendizagem;<\/span><\/li>\n<li style=\"font-weight: 400\"><span style=\"font-weight: 400\">Facilidade de relacionamento interpessoal;<\/span><\/li>\n<li style=\"font-weight: 400\"><span style=\"font-weight: 400\">Disciplina para cumprimento de rotina.<\/span><\/li>\n<\/ul>\n<h2><span style=\"font-weight: 400\">Principais responsabilidades<\/span><\/h2>\n<ul>\n<li style=\"font-weight: 400\"><span style=\"font-weight: 400\">Operacionalizar as atividades desenvolvidas viabilizando o cumprimento dos objetivos estabelecidos pela sua \u00e1rea de atua\u00e7\u00e3o;<\/span><\/li>\n<li style=\"font-weight: 400\"><span style=\"font-weight: 400\">Contribuir para maximiza\u00e7\u00e3o\/otimiza\u00e7\u00e3o dos servi\u00e7os prestados \u00e0 sua \u00e1rea de atua\u00e7\u00e3o e demais, mediante orienta\u00e7\u00e3o e treinamento no que tange \u00e0s rotinas operacionais.<\/span><\/li>\n<\/ul>\n<h2><span style=\"font-weight: 400\">Benef\u00edcios<\/span><\/h2>\n<p><span style=\"font-weight: 400\">A Ambev oferece diversos benef\u00edcios para os seus colaboradores, eles s\u00e3o:<\/span><\/p>\n<ul>\n<li style=\"font-weight: 400\"><span style=\"font-weight: 400\">Plano odontol\u00f3gico;<\/span><\/li>\n<li style=\"font-weight: 400\"><span style=\"font-weight: 400\">Plano de sa\u00fade;<\/span><\/li>\n<li style=\"font-weight: 400\"><span style=\"font-weight: 400\">Cesta de natal + brinquedos para quem tem filhos;<\/span><\/li>\n<li style=\"font-weight: 400\"><span style=\"font-weight: 400\">Gympass;<\/span><\/li>\n<li style=\"font-weight: 400\"><span style=\"font-weight: 400\">Previd\u00eancia privada;<\/span><\/li>\n<li style=\"font-weight: 400\"><span style=\"font-weight: 400\">Sonha, se desenvolver, construir e crescer dentro de um ambiente meritocr\u00e1tico e inclusivo;<\/span><\/li>\n<li style=\"font-weight: 400\"><span style=\"font-weight: 400\">Fazer a diferen\u00e7a unindo as pessoas por um mundo melhor.\u00a0<\/span><\/li>\n<\/ul>\n<h2><span style=\"font-weight: 400\">Sobre a vaga<\/span><\/h2>\n<p><span style=\"font-weight: 400\">As pessoas na Cervejaria Ambev sonham grande. S\u00e3o milhares de colaboradores apaixonados pelo que \u00e9 feito na empresa.<\/span><\/p>\n<p><span style=\"font-weight: 400\">O maior objetivo da equipe \u00e9 inovar no setor de bebidas com a maior qualidade e diversidade poss\u00edvel, para que voc\u00ea possa brindar em qualquer ocasi\u00e3o escolhendo o que mais gosta.<\/span><\/p>\n<p><span style=\"font-weight: 400\">A cultura da Ambev \u00e9 construir um ambiente inclusivo e colaborativo, onde as pessoas possam ser o melhor delas mesmas.<\/span><\/p>\n","protected":false},"excerpt":{"rendered":"<p>A Ambev \u00e9 a maior cervejaria do Brasil e \u00e9 respons\u00e1vel pelos principais r\u00f3tulos de bebidas que s\u00e3o vendidos no mercado brasileiro. Ela pertence ao grupo Anheuser-Busch InBev e \u00e9 respons\u00e1vel por controlar 69% das cervejas e \u00e9 a 14\u00ba maior empresa do pa\u00eds em receita l\u00edquida. Foi fundada em 1999, a partir da fus\u00e3o [&hellip;]<\/p>\n","protected":false},"author":5,"featured_media":8998,"comment_status":"open","ping_status":"closed","sticky":false,"template":"","format":"standard","meta":{"footnotes":""},"categories":[7],"tags":[588,1138,861],"class_list":["post-8997","post","type-post","status-publish","format-standard","has-post-thumbnail","hentry","category-noticias","tag-ambev","tag-ambev-vagas","tag-vagas-ambev"],"_links":{"self":[{"href":"https:\/\/99empregos.com.br\/blog\/wp-json\/wp\/v2\/posts\/8997","targetHints":{"allow":["GET"]}}],"collection":[{"href":"https:\/\/99empregos.com.br\/blog\/wp-json\/wp\/v2\/posts"}],"about":[{"href":"https:\/\/99empregos.com.br\/blog\/wp-json\/wp\/v2\/types\/post"}],"author":[{"embeddable":true,"href":"https:\/\/99empregos.com.br\/blog\/wp-json\/wp\/v2\/users\/5"}],"replies":[{"embeddable":true,"href":"https:\/\/99empregos.com.br\/blog\/wp-json\/wp\/v2\/comments?post=8997"}],"version-history":[{"count":0,"href":"https:\/\/99empregos.com.br\/blog\/wp-json\/wp\/v2\/posts\/8997\/revisions"}],"wp:featuredmedia":[{"embeddable":true,"href":"https:\/\/99empregos.com.br\/blog\/wp-json\/wp\/v2\/media\/8998"}],"wp:attachment":[{"href":"https:\/\/99empregos.com.br\/blog\/wp-json\/wp\/v2\/media?parent=8997"}],"wp:term":[{"taxonomy":"category","embeddable":true,"href":"https:\/\/99empregos.com.br\/blog\/wp-json\/wp\/v2\/categories?post=8997"},{"taxonomy":"post_tag","embeddable":true,"href":"https:\/\/99empregos.com.br\/blog\/wp-json\/wp\/v2\/tags?post=8997"}],"curies":[{"name":"wp","href":"https:\/\/api.w.org\/{rel}","templated":true}]}}