{"id":9147,"date":"2022-12-06T11:11:23","date_gmt":"2022-12-06T14:11:23","guid":{"rendered":"https:\/\/123empregos.com.br\/?p=9147"},"modified":"2022-12-06T11:11:23","modified_gmt":"2022-12-06T14:11:23","slug":"balcao-de-empregos-abre-70-vagas-em-mg","status":"publish","type":"post","link":"https:\/\/99empregos.com.br\/blog\/balcao-de-empregos-abre-70-vagas-em-mg\/","title":{"rendered":"Balc\u00e3o de Empregos abre mais de 70 vagas"},"content":{"rendered":"<p>O munic\u00edpio de Divin\u00f3polis, no centro-oeste do estado de Minas Gerais, em parceria com empresas de diversos setores, divulgou hoje (06) mais de 70 novas vagas em seu Balc\u00e3o de Empregos.<br \/>\nAs oportunidades s\u00e3o para cargos variados, desde servi\u00e7os gerais at\u00e9 cargos administrativos, e pessoas de cidades pr\u00f3ximas podem participar da sele\u00e7\u00e3o. Sendo assim, se voc\u00ea mora em Minas Gerais e quer come\u00e7ar o pr\u00f3ximo ano trabalhando, confira mais detalhes abaixo!<\/p>\n<h2>Vagas oferecidos pelo Balc\u00e3o de Empregos<\/h2>\n<p>H\u00e1 uma grande variedade de cargos dispon\u00edveis, sendo que eles se dividem em diferentes ramos de atua\u00e7\u00e3o. Veja algumas das op\u00e7\u00f5es dispon\u00edveis!<\/p>\n<ul>\n<li>Higienizador;<\/li>\n<li>Ajudante de Torneiro Mec\u00e2nico;<\/li>\n<li>Auxiliar de Montagem;<\/li>\n<li>Assistente de Contabilidade;<\/li>\n<li>Jardineiro;<\/li>\n<li>Motorista de caminh\u00e3o;<\/li>\n<li>Operador de caixa;<\/li>\n<li>Assistente de compras;<\/li>\n<li>Analista fiscal;<\/li>\n<li>Caldeireiro montador;<\/li>\n<li>Desenhista gr\u00e1fico;<\/li>\n<li>Costureira de m\u00e1quinas industriais;<\/li>\n<li>Atendente comercial;<\/li>\n<li>Ajudante de fundidor;<\/li>\n<li>Consultora de vendas;<\/li>\n<li>Gerente de transportes;<\/li>\n<li>Frentista;<\/li>\n<li>Jovem Aprendiz.<\/li>\n<\/ul>\n<h2>Pr\u00e9-requisitos<\/h2>\n<p>Antes de mais nada, vale a pena saber que cada vaga tem suas pr\u00f3prias especifica\u00e7\u00f5es. Portanto, n\u00e3o h\u00e1 um pr\u00e9-requisito geral para todos os cargos.<\/p>\n<p>Por\u00e9m, h\u00e1 oportunidades que n\u00e3o exigem experi\u00eancia e, por isso, quem est\u00e1 em busca do primeiro emprego pode se candidatar. Por outro lado, h\u00e1 \u00e1reas que exigem comprova\u00e7\u00e3o de que j\u00e1 atuou no setor em quest\u00e3o.<\/p>\n<p>Ademais, quanto \u00e0 escolaridade, h\u00e1 vagas no Balc\u00e3o de Empregos que s\u00e3o destinadas \u00e0s pessoas que j\u00e1 conclu\u00edram o Ensino M\u00e9dio. Outras, por sua vez, s\u00e3o para quem possui Ensino Superior. Entretanto, tamb\u00e9m h\u00e1 cargos que exigem somente o Ensino Fundamental completo.<\/p>\n<p>Ali\u00e1s, vale ressaltar que as vagas para Jovem Aprendiz s\u00e3o destinadas somente para estudantes de 15 a 17 anos que ainda estejam frequentando a escola, pois tratam-se de empregos em meio per\u00edodo.<\/p>\n<p>Em todos os casos, \u00e9 necess\u00e1rio ter sua documenta\u00e7\u00e3o pessoal atualizada e Carteira de Trabalho, visto que \u00e9 algo necess\u00e1rio para que a empresa possa registrar o funcion\u00e1rio ap\u00f3s o per\u00edodo de experi\u00eancia.<\/p>\n<h2>Como se candidatar<\/h2>\n<p>Boa parte das vagas do Balc\u00e3o de Empregos est\u00e3o cadastradas no portal SINE (Sistema Nacional de Empregos) do \u00a0estado de Minas Gerais. Vale ressaltar que as vagas tendem a esgotar rapidamente e algumas t\u00eam prazo para inscri\u00e7\u00e3o at\u00e9 a pr\u00f3xima semana.<\/p>\n<p>Dessa forma, <a href=\"https:\/\/99empregos.com.br\/vaga\/balcao-de-empregos-abre-mais-de-70-vagas\/\" target=\"_blank\" rel=\"noopener\">clique aqui\u00a0<\/a>e siga as instru\u00e7\u00f5es para inscrever-se o quando antes.<\/p>\n<p>Al\u00e9m disso, aproveite tamb\u00e9m para conferir outras vagas que est\u00e3o dispon\u00edveis em nosso site para quem mora no estado de Minas Gerais! Atualmente, h\u00e1 um <a href=\"https:\/\/99empregos.com.br\/ministerio-publico-de-mg-abre-mais-de-100-vagas\/\">concurso p\u00fablico<\/a> para atuar no Minist\u00e9rio P\u00fablico e tamb\u00e9m h\u00e1 oportunidades de <a href=\"https:\/\/99empregos.com.br\/procurando-trabalho-remoto-riachuelo-tem-mais-de-30-vagas\/\">trabalho remoto<\/a>.<\/p>\n","protected":false},"excerpt":{"rendered":"<p>O munic\u00edpio de Divin\u00f3polis, no centro-oeste do estado de Minas Gerais, em parceria com empresas de diversos setores, divulgou hoje (06) mais de 70 novas vagas em seu Balc\u00e3o de Empregos. As oportunidades s\u00e3o para cargos variados, desde servi\u00e7os gerais at\u00e9 cargos administrativos, e pessoas de cidades pr\u00f3ximas podem participar da sele\u00e7\u00e3o. Sendo assim, se [&hellip;]<\/p>\n","protected":false},"author":12,"featured_media":9143,"comment_status":"open","ping_status":"closed","sticky":false,"template":"","format":"standard","meta":{"footnotes":""},"categories":[15],"tags":[463],"class_list":["post-9147","post","type-post","status-publish","format-standard","has-post-thumbnail","hentry","category-vagas","tag-primeiro-emprego"],"_links":{"self":[{"href":"https:\/\/99empregos.com.br\/blog\/wp-json\/wp\/v2\/posts\/9147","targetHints":{"allow":["GET"]}}],"collection":[{"href":"https:\/\/99empregos.com.br\/blog\/wp-json\/wp\/v2\/posts"}],"about":[{"href":"https:\/\/99empregos.com.br\/blog\/wp-json\/wp\/v2\/types\/post"}],"author":[{"embeddable":true,"href":"https:\/\/99empregos.com.br\/blog\/wp-json\/wp\/v2\/users\/12"}],"replies":[{"embeddable":true,"href":"https:\/\/99empregos.com.br\/blog\/wp-json\/wp\/v2\/comments?post=9147"}],"version-history":[{"count":0,"href":"https:\/\/99empregos.com.br\/blog\/wp-json\/wp\/v2\/posts\/9147\/revisions"}],"wp:featuredmedia":[{"embeddable":true,"href":"https:\/\/99empregos.com.br\/blog\/wp-json\/wp\/v2\/media\/9143"}],"wp:attachment":[{"href":"https:\/\/99empregos.com.br\/blog\/wp-json\/wp\/v2\/media?parent=9147"}],"wp:term":[{"taxonomy":"category","embeddable":true,"href":"https:\/\/99empregos.com.br\/blog\/wp-json\/wp\/v2\/categories?post=9147"},{"taxonomy":"post_tag","embeddable":true,"href":"https:\/\/99empregos.com.br\/blog\/wp-json\/wp\/v2\/tags?post=9147"}],"curies":[{"name":"wp","href":"https:\/\/api.w.org\/{rel}","templated":true}]}}