{"id":9180,"date":"2022-12-06T12:46:50","date_gmt":"2022-12-06T15:46:50","guid":{"rendered":"https:\/\/123empregos.com.br\/?p=9180"},"modified":"2022-12-06T12:46:50","modified_gmt":"2022-12-06T15:46:50","slug":"airbnb-abre-vaga-de-coordenador-do-programa-de-politicas","status":"publish","type":"post","link":"https:\/\/99empregos.com.br\/blog\/airbnb-abre-vaga-de-coordenador-do-programa-de-politicas\/","title":{"rendered":"AirBNB abre vaga de Coordenador do Programa de Pol\u00edticas"},"content":{"rendered":"<p><span style=\"font-weight: 400\">O AirBNB \u00e9 uma empresa de aluguel de espa\u00e7os que nasceu em 2007 quando dois anfitri\u00f5es receberam tr\u00eas h\u00f3spedes em sua casa em S\u00e3o Francisco.<\/span><\/p>\n<p><span style=\"font-weight: 400\">A partir dessa ideia, a companhia foi desenvolvida e j\u00e1 conta com mais de 4 milh\u00f5es de locais para serem alugados, espalhados por todo o mundo.<\/span><\/p>\n<p><span style=\"font-weight: 400\">Neste m\u00eas a companhia decidiu abrir uma nova oportunidade para os brasileiros e anunciou a nova vaga de Coordenador do Programa de Pol\u00edticos.<\/span><\/p>\n<h2><span style=\"font-weight: 400\">Principais responsabilidades<\/span><\/h2>\n<p><span style=\"font-weight: 400\">Or\u00e7amento<\/span><\/p>\n<ul>\n<li style=\"font-weight: 400\"><span style=\"font-weight: 400\">Trabalhar em colabora\u00e7\u00e3o com todos os propriet\u00e1rios de or\u00e7amento para coordenar um sistema regional de rastreamento e previs\u00e3o de or\u00e7amento, desenvolver e executar processos conforme necess\u00e1rio;<\/span><\/li>\n<li style=\"font-weight: 400\"><span style=\"font-weight: 400\">Comunique os processos or\u00e7ament\u00e1rios de maneira diger\u00edvel para v\u00e1rios p\u00fablicos;<\/span><\/li>\n<li style=\"font-weight: 400\"><span style=\"font-weight: 400\">Aconselhar e auxiliar os propriet\u00e1rios de or\u00e7amentos na facilita\u00e7\u00e3o de pagamentos a fornecedores por meio do gerenciamento de contratos, requisi\u00e7\u00f5es de compra e relacionamento com fornecedores;<\/span><\/li>\n<li style=\"font-weight: 400\"><span style=\"font-weight: 400\">Desenvolver e melhorar processos com parceiros multifuncionais em rela\u00e7\u00e3o a pagamentos de fornecedores;<\/span><\/li>\n<li style=\"font-weight: 400\"><span style=\"font-weight: 400\">Relacionamentos pr\u00f3prios e comunica\u00e7\u00e3o regular com equipes multifuncionais relevantes baseadas principalmente na Argentina, Brasil e M\u00e9xico.<\/span><\/li>\n<\/ul>\n<p><span style=\"font-weight: 400\">Suporte Administrativo e Operacional<\/span><\/p>\n<ul>\n<li style=\"font-weight: 400\"><span style=\"font-weight: 400\">Fornecer suporte de comunica\u00e7\u00e3o e coordena\u00e7\u00e3o para a equipe Latam Ops, gerenciando prazos para projetos e tarefas regionais, coletando e, \u00e0s vezes, escrevendo relat\u00f3rios resumidos ou leituras de reuni\u00f5es, preparando boletins trimestrais e manuten\u00e7\u00e3o do banco de dados;<\/span><\/li>\n<li style=\"font-weight: 400\"><span style=\"font-weight: 400\">Construir relacionamentos eficazes com outras equipes dentro do AirBNB, conforme necess\u00e1rio;<\/span><\/li>\n<li style=\"font-weight: 400\"><span style=\"font-weight: 400\">Auxiliar o estrategista de m\u00eddia da pol\u00edtica de defesa de direitos com o design e a execu\u00e7\u00e3o das comunica\u00e7\u00f5es do host (e-mail e outros canais internos) e campanhas de m\u00eddia social. Incluindo a cria\u00e7\u00e3o de sites por meio do software Canva (treinamento a ser fornecido), gerenciamento de pagamentos e contratados;<\/span><\/li>\n<li style=\"font-weight: 400\"><span style=\"font-weight: 400\">Apoiar a equipe no cumprimento de prazos internos e externos coordenando aprova\u00e7\u00f5es e feedback multifuncional.<\/span><\/li>\n<\/ul>\n<h2><span style=\"font-weight: 400\">Pr\u00e9-requisitos<\/span><\/h2>\n<ul>\n<li style=\"font-weight: 400\"><span style=\"font-weight: 400\">Mais de 2 anos de experi\u00eancia em um ambiente colaborativo de ritmo acelerado, incluindo suporte a uma equipe em capacidade administrativa;<\/span><\/li>\n<li style=\"font-weight: 400\"><span style=\"font-weight: 400\">Capacidade de exercer julgamento e manter a confidencialidade;<\/span><\/li>\n<li style=\"font-weight: 400\"><span style=\"font-weight: 400\">Confi\u00e1vel, preparado, responsivo, ansioso para aprender;<\/span><\/li>\n<li style=\"font-weight: 400\"><span style=\"font-weight: 400\">Fortes habilidades de comunica\u00e7\u00e3o escrita e verbal em portugu\u00eas e ingl\u00eas. Espanhol \u00e9 um plus;<\/span><\/li>\n<li style=\"font-weight: 400\"><span style=\"font-weight: 400\">Conhecimento e aplica\u00e7\u00e3o de ferramentas de colabora\u00e7\u00e3o em reuni\u00f5es, ferramentas de or\u00e7amento e excel;<\/span><\/li>\n<li style=\"font-weight: 400\"><span style=\"font-weight: 400\">Conhecimento e interesse no trabalho de pol\u00edtica e comunica\u00e7\u00e3o;<\/span><\/li>\n<li style=\"font-weight: 400\"><span style=\"font-weight: 400\">Fortes habilidades de prioriza\u00e7\u00e3o e multitarefa;<\/span><\/li>\n<li style=\"font-weight: 400\"><span style=\"font-weight: 400\">Aten\u00e7\u00e3o aguda aos detalhes e acompanhamento, alto n\u00edvel de organiza\u00e7\u00e3o;<\/span><\/li>\n<li style=\"font-weight: 400\"><span style=\"font-weight: 400\">Flex\u00edvel com a capacidade de se adaptar \u00e0s mudan\u00e7as de prioridades e tarefas \u00e0 medida que surgem.<\/span><\/li>\n<\/ul>\n","protected":false},"excerpt":{"rendered":"<p>O AirBNB \u00e9 uma empresa de aluguel de espa\u00e7os que nasceu em 2007 quando dois anfitri\u00f5es receberam tr\u00eas h\u00f3spedes em sua casa em S\u00e3o Francisco. A partir dessa ideia, a companhia foi desenvolvida e j\u00e1 conta com mais de 4 milh\u00f5es de locais para serem alugados, espalhados por todo o mundo. Neste m\u00eas a companhia [&hellip;]<\/p>\n","protected":false},"author":5,"featured_media":2212,"comment_status":"open","ping_status":"closed","sticky":false,"template":"","format":"standard","meta":{"footnotes":""},"categories":[7],"tags":[386],"class_list":["post-9180","post","type-post","status-publish","format-standard","has-post-thumbnail","hentry","category-noticias","tag-airbnb-vagas"],"_links":{"self":[{"href":"https:\/\/99empregos.com.br\/blog\/wp-json\/wp\/v2\/posts\/9180","targetHints":{"allow":["GET"]}}],"collection":[{"href":"https:\/\/99empregos.com.br\/blog\/wp-json\/wp\/v2\/posts"}],"about":[{"href":"https:\/\/99empregos.com.br\/blog\/wp-json\/wp\/v2\/types\/post"}],"author":[{"embeddable":true,"href":"https:\/\/99empregos.com.br\/blog\/wp-json\/wp\/v2\/users\/5"}],"replies":[{"embeddable":true,"href":"https:\/\/99empregos.com.br\/blog\/wp-json\/wp\/v2\/comments?post=9180"}],"version-history":[{"count":0,"href":"https:\/\/99empregos.com.br\/blog\/wp-json\/wp\/v2\/posts\/9180\/revisions"}],"wp:featuredmedia":[{"embeddable":true,"href":"https:\/\/99empregos.com.br\/blog\/wp-json\/wp\/v2\/media\/2212"}],"wp:attachment":[{"href":"https:\/\/99empregos.com.br\/blog\/wp-json\/wp\/v2\/media?parent=9180"}],"wp:term":[{"taxonomy":"category","embeddable":true,"href":"https:\/\/99empregos.com.br\/blog\/wp-json\/wp\/v2\/categories?post=9180"},{"taxonomy":"post_tag","embeddable":true,"href":"https:\/\/99empregos.com.br\/blog\/wp-json\/wp\/v2\/tags?post=9180"}],"curies":[{"name":"wp","href":"https:\/\/api.w.org\/{rel}","templated":true}]}}