{"id":9281,"date":"2022-12-07T05:54:18","date_gmt":"2022-12-07T08:54:18","guid":{"rendered":"https:\/\/123empregos.com.br\/?p=9281"},"modified":"2022-12-07T05:54:18","modified_gmt":"2022-12-07T08:54:18","slug":"rede-de-educacao-abre-novas-vagas-de-emprego","status":"publish","type":"post","link":"https:\/\/99empregos.com.br\/blog\/rede-de-educacao-abre-novas-vagas-de-emprego\/","title":{"rendered":"Rede de educa\u00e7\u00e3o abre novas vagas de emprego"},"content":{"rendered":"<p>O Col\u00e9gio pH, rede de educa\u00e7\u00e3o que est\u00e1 presente na vida dos brasileiros h\u00e1 mais de 35 anos, est\u00e1 com <a href=\"https:\/\/99empregos.com.br\/balcao-de-empregos-abre-70-vagas-em-mg\/\">novas vagas de emprego<\/a> abertas. Ao lado de uma equipe de colaboradores eficientes e movidos pela paix\u00e3o, a companhia busca os seguintes profissionais para integrarem sua equipe:<\/p>\n<ul>\n<li><span style=\"font-weight: 400\">Aprendiz | Col\u00e9gio Barra Rio de Janeiro;\u00a0<\/span><\/li>\n<li><span style=\"font-weight: 400\">Assistente de Coordena\u00e7\u00e3o Pedag\u00f3gica | Col\u00e9gio Botafogo 1 Rio de Janeiro;\u00a0\u00a0<\/span><\/li>\n<li><span style=\"font-weight: 400\">Assistente de Coordena\u00e7\u00e3o Pedag\u00f3gica PCD | Col\u00e9gio\u00a0 [Vaga exclusiva para pessoa com defici\u00eancia];\u00a0\u00a0<\/span><\/li>\n<li><span style=\"font-weight: 400\">Banco de Vagas Assistente de Coordena\u00e7\u00e3o Pedag\u00f3gica | Col\u00e9gio;\u00a0<\/span><\/li>\n<li><span style=\"font-weight: 400\">Banco de Vagas Coordenador(a) Pedag\u00f3gico | Col\u00e9gio;<\/span><\/li>\n<li><span style=\"font-weight: 400\">Banco de Vagas Inspetor(a) | Col\u00e9gio;\u00a0<\/span><\/li>\n<li><span style=\"font-weight: 400\">Banco de Vagas Jovem Aprendiz | Col\u00e9gio;\u00a0<\/span><\/li>\n<li><span style=\"font-weight: 400\">Banco de Vagas Recepcionista | Col\u00e9gio;\u00a0<\/span><\/li>\n<li><span style=\"font-weight: 400\">Banco de Vagas Secret\u00e1rio(a) Escolar | Col\u00e9gio;\u00a0<\/span><\/li>\n<li><span style=\"font-weight: 400\">Coordenador(a)\/Orientador(a) Educacional | Col\u00e9gio Icara\u00ed 1 Niter\u00f3i;\u00a0\u00a0<\/span><\/li>\n<li><span style=\"font-weight: 400\">Coordenador(a) Pedag\u00f3gico | Col\u00e9gio Botafogo 2 Rio de Janeiro;\u00a0\u00a0<\/span><\/li>\n<li><span style=\"font-weight: 400\">Coordenador(a) Pedag\u00f3gico | Col\u00e9gio Zona Oeste;\u00a0\u00a0<\/span><\/li>\n<li><span style=\"font-weight: 400\">Inspetor(a) | Col\u00e9gio Botafogo 1 Rio de Janeiro;\u00a0\u00a0<\/span><\/li>\n<li><span style=\"font-weight: 400\">Inspetor(a) | Col\u00e9gio Zona Oeste;\u00a0\u00a0<\/span><\/li>\n<li><span style=\"font-weight: 400\">Inspetor(a) PCD | Col\u00e9gio Tijuca 1 [Vaga exclusiva para pessoa com defici\u00eancia] Rio de Janeiro;\u00a0<\/span><\/li>\n<li><span style=\"font-weight: 400\">Professora Bil\u00edngue para o Ensino Infantil | Col\u00e9gio Rio de Janeiro\/RJ;\u00a0<\/span><\/li>\n<li><span style=\"font-weight: 400\">Professor(a) | Col\u00e9gio Banco de talentos;\u00a0<\/span><\/li>\n<li><span style=\"font-weight: 400\">Professora de Educa\u00e7\u00e3o Infantil| Col\u00e9gio Rio de Janeiro\/RJ;\u00a0<\/span><\/li>\n<li><span style=\"font-weight: 400\">Banco de talentos Professor | Col\u00e9gio Banco de talentos.<\/span><\/li>\n<\/ul>\n<figure id=\"attachment_9283\" aria-describedby=\"caption-attachment-9283\" style=\"width: 1200px\" class=\"wp-caption aligncenter\"><img decoding=\"async\" class=\"size-full wp-image-9283\" src=\"https:\/\/99empregos.com.br\/wp-content\/uploads\/2022\/12\/colegio-ph-vagas-2022.jpg\" alt=\"Col\u00e9gio pH abre novas vagas de emprego, confira. Foto: Divulga\u00e7\u00e3o\" width=\"1200\" height=\"750\" srcset=\"https:\/\/99empregos.com.br\/blog\/wp-content\/uploads\/2022\/12\/colegio-ph-vagas-2022.jpg 1200w, https:\/\/99empregos.com.br\/blog\/wp-content\/uploads\/2022\/12\/colegio-ph-vagas-2022-300x188.jpg 300w, https:\/\/99empregos.com.br\/blog\/wp-content\/uploads\/2022\/12\/colegio-ph-vagas-2022-1024x640.jpg 1024w, https:\/\/99empregos.com.br\/blog\/wp-content\/uploads\/2022\/12\/colegio-ph-vagas-2022-768x480.jpg 768w\" sizes=\"(max-width: 1200px) 100vw, 1200px\" \/><figcaption id=\"caption-attachment-9283\" class=\"wp-caption-text\">Col\u00e9gio pH abre novas vagas de emprego, confira. Foto: Divulga\u00e7\u00e3o<\/figcaption><\/figure>\n<h3>Mais informa\u00e7\u00f5es sobre o pH<\/h3>\n<p>Em 2022, completamos 35 anos de amor e compromisso com a educa\u00e7\u00e3o. Com tr\u00eas d\u00e9cadas e meia de hist\u00f3ria e tradi\u00e7\u00e3o, tivemos sempre o objetivo de formar indiv\u00edduos capazes de trilhar seus pr\u00f3prios caminhos de sucesso, de acordo com seus projetos de vida.<\/p>\n<p>Para ajudar os alunos e as alunas a realizarem seus sonhos, contamos com uma equipe de colaboradores experientes, otimistas, conectados, eficazes e acolhedores. Dessa forma, garantimos que todos e todas possam ser, pensar e agir de forma plena no ambiente escolar.<\/p>\n<p>Voc\u00ea acredita nesses valores e tem vontade de\u00a0transformar vidas por meio da educa\u00e7\u00e3o? Ent\u00e3o, venha ser um dos nossos colaboradores! Confira abaixo algumas das vagas que est\u00e3o dispon\u00edveis!<\/p>\n<h3>Como se candidatar \u00e0s vagas de emprego abertas<\/h3>\n<p>Se voc\u00ea encontrou uma nova oportunidade de emprego aberta, <a href=\"https:\/\/99empregos.com.br\/vaga\/colegio-ph-abre-novas-vagas-de-emprego-confira\/\">basta clicar neste link<\/a> para se candidatar. No entanto, antes de efetivar a sua inscri\u00e7\u00e3o, recomendamos que fa\u00e7a uma revis\u00e3o completa e detalhada de todos os pr\u00e9-requisitos solicitados pela empresa e vaga em quest\u00e3o. Boa sorte!12<\/p>\n","protected":false},"excerpt":{"rendered":"<p>O Col\u00e9gio pH, rede de educa\u00e7\u00e3o que est\u00e1 presente na vida dos brasileiros h\u00e1 mais de 35 anos, est\u00e1 com novas vagas de emprego abertas. Ao lado de uma equipe de colaboradores eficientes e movidos pela paix\u00e3o, a companhia busca os seguintes profissionais para integrarem sua equipe: Aprendiz | Col\u00e9gio Barra Rio de Janeiro;\u00a0 Assistente [&hellip;]<\/p>\n","protected":false},"author":8,"featured_media":9284,"comment_status":"open","ping_status":"closed","sticky":false,"template":"","format":"standard","meta":{"footnotes":""},"categories":[7],"tags":[603,778,37,16],"class_list":["post-9281","post","type-post","status-publish","format-standard","has-post-thumbnail","hentry","category-noticias","tag-603","tag-novas-oportunidades","tag-vagas","tag-vagas-de-emprego"],"_links":{"self":[{"href":"https:\/\/99empregos.com.br\/blog\/wp-json\/wp\/v2\/posts\/9281","targetHints":{"allow":["GET"]}}],"collection":[{"href":"https:\/\/99empregos.com.br\/blog\/wp-json\/wp\/v2\/posts"}],"about":[{"href":"https:\/\/99empregos.com.br\/blog\/wp-json\/wp\/v2\/types\/post"}],"author":[{"embeddable":true,"href":"https:\/\/99empregos.com.br\/blog\/wp-json\/wp\/v2\/users\/8"}],"replies":[{"embeddable":true,"href":"https:\/\/99empregos.com.br\/blog\/wp-json\/wp\/v2\/comments?post=9281"}],"version-history":[{"count":0,"href":"https:\/\/99empregos.com.br\/blog\/wp-json\/wp\/v2\/posts\/9281\/revisions"}],"wp:featuredmedia":[{"embeddable":true,"href":"https:\/\/99empregos.com.br\/blog\/wp-json\/wp\/v2\/media\/9284"}],"wp:attachment":[{"href":"https:\/\/99empregos.com.br\/blog\/wp-json\/wp\/v2\/media?parent=9281"}],"wp:term":[{"taxonomy":"category","embeddable":true,"href":"https:\/\/99empregos.com.br\/blog\/wp-json\/wp\/v2\/categories?post=9281"},{"taxonomy":"post_tag","embeddable":true,"href":"https:\/\/99empregos.com.br\/blog\/wp-json\/wp\/v2\/tags?post=9281"}],"curies":[{"name":"wp","href":"https:\/\/api.w.org\/{rel}","templated":true}]}}