{"id":9295,"date":"2022-12-07T06:23:52","date_gmt":"2022-12-07T09:23:52","guid":{"rendered":"https:\/\/123empregos.com.br\/?p=9295"},"modified":"2022-12-07T06:23:52","modified_gmt":"2022-12-07T09:23:52","slug":"empresa-de-cursos-profissionalizantes-abre-vagas","status":"publish","type":"post","link":"https:\/\/99empregos.com.br\/blog\/empresa-de-cursos-profissionalizantes-abre-vagas\/","title":{"rendered":"Empresa de cursos profissionalizantes abre vagas"},"content":{"rendered":"<p>A Microlins, empresa de cursos profissionalizantes com mais de 30 anos de hist\u00f3ria, est\u00e1 com <a href=\"https:\/\/99empregos.com.br\/agroindustria-abre-novas-vagas-de-emprego-confira\/\">vagas de emprego<\/a> abertas pelo Brasil. Considerada uma das maiores franqueadoras do pa\u00eds, a companhia segue expandindo o seu neg\u00f3cio e agora busca os seguintes profissionais para integrarem sua equipe:<\/p>\n<ul>\n<li><span style=\"font-weight: 400\">VENDEDOR DE CURSOS &#8211; Tabo\u00e3o da Serra &#8211; SP;<\/span><\/li>\n<li><span style=\"font-weight: 400\">Consultor Comercial &#8211; Comercial &#8211; Bel\u00e9m &#8211; PA;\u00a0<\/span><\/li>\n<li><span style=\"font-weight: 400\">Instrutor De Idiomas &#8211; S\u00e3o Paulo &#8211; SP;\u00a0<\/span><\/li>\n<li><span style=\"font-weight: 400\">Lingua Estrangeira: Outras Instrutor De Cursos Livres &#8211; S\u00e3o Paulo &#8211; SP;<\/span><\/li>\n<li><span style=\"font-weight: 400\">Recepcionista &#8211; JOVEM APRENDIZ &#8211; S\u00e3o Bernardo do Campo &#8211; SP;\u00a0<\/span><\/li>\n<li><span style=\"font-weight: 400\">Promotor &#8211; De Vendas Para Financeira &#8211; Fernand\u00f3polis &#8211; SP;\u00a0<\/span><\/li>\n<li><span style=\"font-weight: 400\">Consultor De Vendas &#8211; S\u00e3o Paulo &#8211; SP;\u00a0<\/span><\/li>\n<li><span style=\"font-weight: 400\">Vendedor &#8211; Interno &#8211; S\u00e3o Paulo &#8211; SP;\u00a0<\/span><\/li>\n<li><span style=\"font-weight: 400\">Instrutor De Inform\u00e1tica &#8211; Diadema &#8211; SP;\u00a0<\/span><\/li>\n<li><span style=\"font-weight: 400\">VENDEDOR DE CURSOS &#8211; Diadema &#8211; SP;\u00a0<\/span><\/li>\n<li><span style=\"font-weight: 400\">Vendedor &#8211; S\u00e3o Bernardo Do Campo &#8211; SP;\u00a0<\/span><\/li>\n<li><span style=\"font-weight: 400\">Gerente Comercial &#8211; S\u00e3o Bernardo Do Campo &#8211; SP;\u00a0<\/span><\/li>\n<li><span style=\"font-weight: 400\">Gerente Comercial &#8211; Escola De Curso Profissionalizante &#8211; S\u00e3o Paulo &#8211; SP;<\/span><\/li>\n<li><span style=\"font-weight: 400\">Operador Jovem Aprendiz &#8211; ITAQUERA &#8211; S\u00e3o Paulo &#8211; SP;<\/span><\/li>\n<li><span style=\"font-weight: 400\">Receptivo Est\u00e1gio &#8211; Comercial &#8211; Caetit\u00e9 &#8211; BA;<\/span><\/li>\n<li><span style=\"font-weight: 400\">Jovem Aprendiz Administrativo &#8211; Dos 14 Aos 18 Anos\u00a0 &#8211; Guarulhos &#8211; SP;<\/span><\/li>\n<li><span style=\"font-weight: 400\">Auxiliar Administrativo Jovem Aprendiz &#8211; S\u00e3o Caetano Do Sul;<\/span><\/li>\n<li><span style=\"font-weight: 400\">Est\u00e1gio Em Recrutamento E Sele\u00e7\u00e3o &#8211; Comercial\u00a0 &#8211; Cordeir\u00f3polis &#8211; SP;\u00a0<\/span><\/li>\n<li><span style=\"font-weight: 400\">Orientador Comercial &#8211; Vendas\u00a0 &#8211; Bel\u00e9m &#8211; PA;\u00a0<\/span><\/li>\n<li><span style=\"font-weight: 400\">Gerente Comercial\u00a0 &#8211; S\u00e3o Paulo &#8211; SP;<\/span><\/li>\n<li><span style=\"font-weight: 400\">Vendedor Interno\u00a0 &#8211; S\u00e3o Paulo &#8211; SP;<\/span><\/li>\n<li><span style=\"font-weight: 400\">Recepcionista &#8211; 14 H\u00e1 17 Anos\u00a0 &#8211; Guarulhos &#8211; SP;<\/span><\/li>\n<li><span style=\"font-weight: 400\">Professor De Ingl\u00eas &#8211; Educador De Ingl\u00eas\u00a0 &#8211; S\u00e3o Paulo &#8211; SP;<\/span><\/li>\n<li><span style=\"font-weight: 400\">Estagi\u00e1rio De Telemarketing\u00a0 &#8211; S\u00e3o Paulo &#8211; SP SAC VENDEDOR DE CURSOS &#8211; MAU\u00c1 E REGI\u00c3O\u00a0 &#8211; Mau\u00e1 &#8211; SP;\u00a0<\/span><\/li>\n<li><span style=\"font-weight: 400\">Vendedor Interno &#8211; Escola De Cursos\u00a0 &#8211; Guarulhos &#8211; SP;\u00a0<\/span><\/li>\n<li><span style=\"font-weight: 400\">Vendedor &#8211; Orientador(A) Educacional\u00a0 &#8211; Rio de Janeiro &#8211; RJ;\u00a0<\/span><\/li>\n<li><span style=\"font-weight: 400\">Professor De Inform\u00e1tica &#8211; INGL\u00caS\u00a0 &#8211; S\u00e3o Paulo &#8211; SP;<\/span><\/li>\n<li><span style=\"font-weight: 400\">Instrutor De Inform\u00e1tica\u00a0 &#8211; Nova Igua\u00e7u &#8211; RJ;\u00a0<\/span><\/li>\n<li><span style=\"font-weight: 400\">Gerente De Vendas\u00a0 &#8211; S\u00e3o Paulo &#8211; SP.<\/span><\/li>\n<\/ul>\n<figure id=\"attachment_9297\" aria-describedby=\"caption-attachment-9297\" style=\"width: 1200px\" class=\"wp-caption aligncenter\"><img decoding=\"async\" class=\"size-full wp-image-9297\" src=\"https:\/\/99empregos.com.br\/wp-content\/uploads\/2022\/12\/microlins-vagas-de-emprego-2022.jpg\" alt=\"Microlins abre novas vagas de emprego, confira. Foto: Divulga\u00e7\u00e3o\" width=\"1200\" height=\"750\" srcset=\"https:\/\/99empregos.com.br\/blog\/wp-content\/uploads\/2022\/12\/microlins-vagas-de-emprego-2022.jpg 1200w, https:\/\/99empregos.com.br\/blog\/wp-content\/uploads\/2022\/12\/microlins-vagas-de-emprego-2022-300x188.jpg 300w, https:\/\/99empregos.com.br\/blog\/wp-content\/uploads\/2022\/12\/microlins-vagas-de-emprego-2022-1024x640.jpg 1024w, https:\/\/99empregos.com.br\/blog\/wp-content\/uploads\/2022\/12\/microlins-vagas-de-emprego-2022-768x480.jpg 768w\" sizes=\"(max-width: 1200px) 100vw, 1200px\" \/><figcaption id=\"caption-attachment-9297\" class=\"wp-caption-text\">Microlins abre novas vagas de emprego, confira. Foto: Divulga\u00e7\u00e3o<\/figcaption><\/figure>\n<h3>Sobre a Microlins<\/h3>\n<p>A Microlins, nascida em 1991 na cidade de Lins, no interior de S\u00e3o Paulo, transformou-se na maior empresa de cursos profissionalizantes do Pa\u00eds. Presidida pelo Grupo Move &#8211; Edu, a rede \u00e9 hoje refer\u00eancia no ramo de educa\u00e7\u00e3o profissionalizante e conta com mais de 400 unidades localizadas em todo o territ\u00f3rio nacional.<\/p>\n<p>Segundo a Associa\u00e7\u00e3o Brasileira de Franchising (ABF), a Microlins est\u00e1 entre as 15 maiores franqueadoras do pa\u00eds. Com mais de 25 anos de hist\u00f3ria e 18 de sistema de franquias, a Microlins j\u00e1 formou mais de 4 milh\u00f5es de alunos e possui cerca de 10.000 colaboradores.<\/p>\n<p>Em suas unidades, a Microlins oferece mais de 100 op\u00e7\u00f5es de cursos profissionalizantes nas \u00e1reas de Administra\u00e7\u00e3o e Vendas, Inform\u00e1tica e Tecnologia, Design &amp; Web, Sa\u00fade, Ind\u00fastria, Preparat\u00f3rios para Concursos e Ingl\u00eas.<\/p>\n<h3>Como se candidatar \u00e0s vagas de emprego abertas<\/h3>\n<p>Se voc\u00ea encontrou uma oportunidade de emprego, <a href=\"https:\/\/99empregos.com.br\/vaga\/microlins-abre-novas-vagas-de-emprego-confira\/\">basta clicar neste link<\/a> para se candidatar. No entanto, antes de efetivar a sua inscri\u00e7\u00e3o, recomendamos que fa\u00e7a uma revis\u00e3o completa e detalhada de todos os pr\u00e9-requisitos solicitados pela empresa em quest\u00e3o. Boa sorte!<\/p>\n","protected":false},"excerpt":{"rendered":"<p>A Microlins, empresa de cursos profissionalizantes com mais de 30 anos de hist\u00f3ria, est\u00e1 com vagas de emprego abertas pelo Brasil. Considerada uma das maiores franqueadoras do pa\u00eds, a companhia segue expandindo o seu neg\u00f3cio e agora busca os seguintes profissionais para integrarem sua equipe: VENDEDOR DE CURSOS &#8211; Tabo\u00e3o da Serra &#8211; SP; Consultor [&hellip;]<\/p>\n","protected":false},"author":8,"featured_media":9298,"comment_status":"open","ping_status":"closed","sticky":false,"template":"","format":"standard","meta":{"footnotes":""},"categories":[7],"tags":[603,5,37],"class_list":["post-9295","post","type-post","status-publish","format-standard","has-post-thumbnail","hentry","category-noticias","tag-603","tag-empregos","tag-vagas"],"_links":{"self":[{"href":"https:\/\/99empregos.com.br\/blog\/wp-json\/wp\/v2\/posts\/9295","targetHints":{"allow":["GET"]}}],"collection":[{"href":"https:\/\/99empregos.com.br\/blog\/wp-json\/wp\/v2\/posts"}],"about":[{"href":"https:\/\/99empregos.com.br\/blog\/wp-json\/wp\/v2\/types\/post"}],"author":[{"embeddable":true,"href":"https:\/\/99empregos.com.br\/blog\/wp-json\/wp\/v2\/users\/8"}],"replies":[{"embeddable":true,"href":"https:\/\/99empregos.com.br\/blog\/wp-json\/wp\/v2\/comments?post=9295"}],"version-history":[{"count":0,"href":"https:\/\/99empregos.com.br\/blog\/wp-json\/wp\/v2\/posts\/9295\/revisions"}],"wp:featuredmedia":[{"embeddable":true,"href":"https:\/\/99empregos.com.br\/blog\/wp-json\/wp\/v2\/media\/9298"}],"wp:attachment":[{"href":"https:\/\/99empregos.com.br\/blog\/wp-json\/wp\/v2\/media?parent=9295"}],"wp:term":[{"taxonomy":"category","embeddable":true,"href":"https:\/\/99empregos.com.br\/blog\/wp-json\/wp\/v2\/categories?post=9295"},{"taxonomy":"post_tag","embeddable":true,"href":"https:\/\/99empregos.com.br\/blog\/wp-json\/wp\/v2\/tags?post=9295"}],"curies":[{"name":"wp","href":"https:\/\/api.w.org\/{rel}","templated":true}]}}