{"id":9309,"date":"2022-12-07T06:50:51","date_gmt":"2022-12-07T09:50:51","guid":{"rendered":"https:\/\/123empregos.com.br\/?p=9309"},"modified":"2022-12-07T06:50:51","modified_gmt":"2022-12-07T09:50:51","slug":"empresa-de-varejo-abre-novas-vagas-de-emprego-pelo-brasil","status":"publish","type":"post","link":"https:\/\/99empregos.com.br\/blog\/empresa-de-varejo-abre-novas-vagas-de-emprego-pelo-brasil\/","title":{"rendered":"Empresa de varejo abre novas vagas de emprego pelo Brasil"},"content":{"rendered":"<p>A DIA Brasil, empresa de varejo, est\u00e1 com <a href=\"https:\/\/99empregos.com.br\/vaga\/balcao-de-empregos-abre-mais-de-70-vagas\/\">novas oportunidades<\/a> de emprego no Brasil. Com mercado em quatro pa\u00edses (Espanha, Argentina, Brasil e Portugal), a companhia segue expandindo os seus neg\u00f3cios e agora busca os seguintes profissionais:<\/p>\n<ul>\n<li><span style=\"font-weight: 400\">OPERADOR DE LOJA &#8211; MOOCA &#8211; S\u00e3o Paulo &#8211; SP;\u00a0<\/span><\/li>\n<li><span style=\"font-weight: 400\">OPERADOR DE LOJA &#8211; Campinas &#8211; SP;<\/span><\/li>\n<li><span style=\"font-weight: 400\">Balconista De Padaria &#8211; S\u00e3o Paulo &#8211; SP;\u00a0<\/span><\/li>\n<li><span style=\"font-weight: 400\">OPERADOR DE LOJA &#8211; IPIRANGA &#8211; S\u00e3o Paulo &#8211; SP;\u00a0<\/span><\/li>\n<li><span style=\"font-weight: 400\">A\u00c7OUGUEIRO &#8211; Belo Horizonte &#8211; MG;\u00a0<\/span><\/li>\n<li><span style=\"font-weight: 400\">A\u00c7OUGUEIRO &#8211; Louveira &#8211; SP;\u00a0<\/span><\/li>\n<li><span style=\"font-weight: 400\">OPERADOR DE LOJA &#8211; Bragan\u00e7a Paulista &#8211; SP;\u00a0<\/span><\/li>\n<li><span style=\"font-weight: 400\">A\u00c7OUGUEIRO &#8211; Valinhos &#8211; SP;<\/span><\/li>\n<li><span style=\"font-weight: 400\">A\u00c7OUGUEIRO &#8211; Campinas &#8211; SP;<\/span><\/li>\n<li><span style=\"font-weight: 400\">Jovem Aprendiz Para Rede De Supermercado &#8211; Vila Monte Alegre &#8211; S\u00e3o Paulo &#8211; SP;\u00a0<\/span><\/li>\n<li><span style=\"font-weight: 400\">OPERADOR DE LOJA &#8211; Francisco Morato &#8211; SP;\u00a0<\/span><\/li>\n<li><span style=\"font-weight: 400\">OPERADOR DE LOJA &#8211; FRANCO DA ROCHA &#8211; Franco da Rocha &#8211; SP;\u00a0<\/span><\/li>\n<li><span style=\"font-weight: 400\">OPERADOR DE LOJA &#8211; JARDIM SANTA F\u00c9 &#8211; S\u00e3o Paulo &#8211; SP;\u00a0<\/span><\/li>\n<li><span style=\"font-weight: 400\">OPERADOR DE LOJA &#8211; FRANCISCO MORATO &#8211; Francisco Morato &#8211; SP;\u00a0<\/span><\/li>\n<li><span style=\"font-weight: 400\">OPERADOR DE LOJA &#8211; CAIEIRAS &#8211; Caieiras &#8211; SP;<\/span><\/li>\n<li><span style=\"font-weight: 400\">Jovem Aprendiz Para Rede De Supermercado &#8211; Boituva;\u00a0<\/span><\/li>\n<li><span style=\"font-weight: 400\">Jovem Aprendiz Para Rede De Supermercado &#8211; Campinas;\u00a0<\/span><\/li>\n<li><span style=\"font-weight: 400\">Jovem Aprendiz Para Rede De Supermercado &#8211; Capela Do Alto;<\/span><\/li>\n<li><span style=\"font-weight: 400\">Jovem Aprendiz Para Rede De Supermercado &#8211; Sorocaba;\u00a0<\/span><\/li>\n<li><span style=\"font-weight: 400\">Jovem Aprendiz Para Rede De Supermercado &#8211; Sorocaba;\u00a0<\/span><\/li>\n<li><span style=\"font-weight: 400\">Jovem Aprendiz Para Rede De Supermercado &#8211; Sorocaba;<\/span><\/li>\n<li><span style=\"font-weight: 400\">Jovem Aprendiz Para Rede De Supermercado -Indaiatuba;<\/span><\/li>\n<li><span style=\"font-weight: 400\">Jovem Aprendiz Para Rede De Supermercado &#8211; Itatiba;\u00a0<\/span><\/li>\n<li><span style=\"font-weight: 400\">Jovem Aprendiz Para Rede De Supermercado &#8211; Atibaia;<\/span><\/li>\n<li><span style=\"font-weight: 400\">Jovem Aprendiz Para Rede De Supermercado &#8211; V\u00e1rzea Paulista;\u00a0<\/span><\/li>\n<li><span style=\"font-weight: 400\">Jovem Aprendiz Para Rede De Supermercado &#8211; Piracaia;\u00a0<\/span><\/li>\n<li><span style=\"font-weight: 400\">Jovem Aprendiz Para Rede De Supermercado &#8211; Ara\u00e7oiaba Da Serra;<\/span><\/li>\n<li><span style=\"font-weight: 400\">Jovem Aprendiz Para Rede De Supermercado &#8211; Salto De Pirapora;\u00a0<\/span><\/li>\n<li><span style=\"font-weight: 400\">Jovem Aprendiz Para Rede De Supermercado &#8211; Piedade;<\/span><\/li>\n<li><span style=\"font-weight: 400\">Jovem Aprendiz Para Rede De Supermercado &#8211; ITAIM BIBI &#8211; S\u00e3o Paulo &#8211; SP.<\/span><\/li>\n<\/ul>\n<figure id=\"attachment_9311\" aria-describedby=\"caption-attachment-9311\" style=\"width: 1200px\" class=\"wp-caption aligncenter\"><img decoding=\"async\" class=\"size-full wp-image-9311\" src=\"https:\/\/99empregos.com.br\/wp-content\/uploads\/2022\/12\/dia-novas-oportunidades.jpg\" alt=\"DIA Brasil est\u00e1 com novas vagas de emprego abertas. Foto: Divulga\u00e7\u00e3o\" width=\"1200\" height=\"750\" srcset=\"https:\/\/99empregos.com.br\/blog\/wp-content\/uploads\/2022\/12\/dia-novas-oportunidades.jpg 1200w, https:\/\/99empregos.com.br\/blog\/wp-content\/uploads\/2022\/12\/dia-novas-oportunidades-300x188.jpg 300w, https:\/\/99empregos.com.br\/blog\/wp-content\/uploads\/2022\/12\/dia-novas-oportunidades-1024x640.jpg 1024w, https:\/\/99empregos.com.br\/blog\/wp-content\/uploads\/2022\/12\/dia-novas-oportunidades-768x480.jpg 768w\" sizes=\"(max-width: 1200px) 100vw, 1200px\" \/><figcaption id=\"caption-attachment-9311\" class=\"wp-caption-text\">DIA Brasil est\u00e1 com novas vagas de emprego abertas. Foto: Divulga\u00e7\u00e3o<\/figcaption><\/figure>\n<h3>Mais informa\u00e7\u00f5es sobre a DIA Brasil<\/h3>\n<p>A rede DIA nasceu na Espanha em 1979 e, por meio de um agressivo ritmo de expans\u00e3o, conquistou seu espa\u00e7o, estando hoje em quatro pa\u00edses: Espanha, Argentina, Brasil e Portugal. Com mais de 7 mil empregados somente no Brasil e 30.000 no mundo, \u00e9 a rede respons\u00e1vel por trazer um conceito inovador ao varejo brasileiro, otimizando custos e garantindo ao cliente proximidade e produtos de qualidade, aliados ao menor pre\u00e7o.<\/p>\n<p>\u00c9 a \u00fanica empresa do segmento a atuar com lojas pr\u00f3prias e franquias. No Brasil, contamos com cinco Centros de Distribui\u00e7\u00e3o e mais de 800 lojas nos estados de S\u00e3o Paulo e Minas. Pioneirismo \u00e9 a marca registrada do DIA, al\u00e9m de ser a primeira franqueadora supermercadista do Brasil, tamb\u00e9m foi precursora na oferta de produtos de marca pr\u00f3pria. Trabalhar no DIA Brasil \u00e9 viver um ambiente inspirador, cheio de desafios e oportunidades.<\/p>\n<h3>Como se candidatar<\/h3>\n<p>Se voc\u00ea encontrou uma vaga de emprego que se encaixa no seu perfil profissional, <a href=\"https:\/\/99empregos.com.br\/vaga\/dia-brasil-esta-com-novas-oportunidades-de-emprego-confira\/\">basta clicar neste link<\/a> para se candidatar. No entanto, antes de efetivar a sua candidatura, recomendamos que fa\u00e7a uma revis\u00e3o completa e detalhada de todos os pr\u00e9-requisitos solicitados pela vaga. Boa sorte!<\/p>\n","protected":false},"excerpt":{"rendered":"<p>A DIA Brasil, empresa de varejo, est\u00e1 com novas oportunidades de emprego no Brasil. Com mercado em quatro pa\u00edses (Espanha, Argentina, Brasil e Portugal), a companhia segue expandindo os seus neg\u00f3cios e agora busca os seguintes profissionais: OPERADOR DE LOJA &#8211; MOOCA &#8211; S\u00e3o Paulo &#8211; SP;\u00a0 OPERADOR DE LOJA &#8211; Campinas &#8211; SP; Balconista [&hellip;]<\/p>\n","protected":false},"author":8,"featured_media":9312,"comment_status":"open","ping_status":"closed","sticky":false,"template":"","format":"standard","meta":{"footnotes":""},"categories":[7],"tags":[603,5,37],"class_list":["post-9309","post","type-post","status-publish","format-standard","has-post-thumbnail","hentry","category-noticias","tag-603","tag-empregos","tag-vagas"],"_links":{"self":[{"href":"https:\/\/99empregos.com.br\/blog\/wp-json\/wp\/v2\/posts\/9309","targetHints":{"allow":["GET"]}}],"collection":[{"href":"https:\/\/99empregos.com.br\/blog\/wp-json\/wp\/v2\/posts"}],"about":[{"href":"https:\/\/99empregos.com.br\/blog\/wp-json\/wp\/v2\/types\/post"}],"author":[{"embeddable":true,"href":"https:\/\/99empregos.com.br\/blog\/wp-json\/wp\/v2\/users\/8"}],"replies":[{"embeddable":true,"href":"https:\/\/99empregos.com.br\/blog\/wp-json\/wp\/v2\/comments?post=9309"}],"version-history":[{"count":0,"href":"https:\/\/99empregos.com.br\/blog\/wp-json\/wp\/v2\/posts\/9309\/revisions"}],"wp:featuredmedia":[{"embeddable":true,"href":"https:\/\/99empregos.com.br\/blog\/wp-json\/wp\/v2\/media\/9312"}],"wp:attachment":[{"href":"https:\/\/99empregos.com.br\/blog\/wp-json\/wp\/v2\/media?parent=9309"}],"wp:term":[{"taxonomy":"category","embeddable":true,"href":"https:\/\/99empregos.com.br\/blog\/wp-json\/wp\/v2\/categories?post=9309"},{"taxonomy":"post_tag","embeddable":true,"href":"https:\/\/99empregos.com.br\/blog\/wp-json\/wp\/v2\/tags?post=9309"}],"curies":[{"name":"wp","href":"https:\/\/api.w.org\/{rel}","templated":true}]}}