{"id":9468,"date":"2022-12-08T05:50:38","date_gmt":"2022-12-08T08:50:38","guid":{"rendered":"https:\/\/123empregos.com.br\/?p=9468"},"modified":"2022-12-08T05:50:38","modified_gmt":"2022-12-08T08:50:38","slug":"elgin-empresa-de-produtos-gerais-segue-contratando-veja","status":"publish","type":"post","link":"https:\/\/99empregos.com.br\/blog\/elgin-empresa-de-produtos-gerais-segue-contratando-veja\/","title":{"rendered":"Elgin: Empresa de produtos gerais segue contratando, veja"},"content":{"rendered":"<p>A Elgin, empresa que trabalha com a comercializa\u00e7\u00e3o de diversos produtos, est\u00e1 com novas vagas de <a href=\"https:\/\/99empregos.com.br\/vaga\/telemont-divulga-novas-vagas-de-emprego-pelo-pais\/\">emprego<\/a> abertas. Com mais de 69 anos de hist\u00f3ria, a companhia segue expandindo os seus neg\u00f3cios e agora busca os seguintes profissionais para integrarem sua equipe:<\/p>\n<ul>\n<li><span style=\"font-weight: 400\">Ajudante de Estoque &#8211; Jundia\u00ed\/SP;\u00a0\u00a0<\/span><\/li>\n<li><span style=\"font-weight: 400\">Ajudante Geral Mogi das Cruzes\/SP;\u00a0\u00a0<\/span><\/li>\n<li><span style=\"font-weight: 400\">Ajudante Geral Mogi das Cruzes\/SP;\u00a0\u00a0<\/span><\/li>\n<li><span style=\"font-weight: 400\">Ajudante Geral Mogi das Cruzes\/SP;\u00a0<\/span><\/li>\n<li><span style=\"font-weight: 400\">Ajudante Geral HDB MOGI Mogi das Cruzes\/SP;\u00a0\u00a0<\/span><\/li>\n<li><span style=\"font-weight: 400\">Analista da Qualidade &#8211; Manaus\/AM;\u00a0\u00a0<\/span><\/li>\n<li><span style=\"font-weight: 400\">Analista de Aplica\u00e7\u00e3o &#8211; Mogi das Cruzes\/SP;\u00a0\u00a0<\/span><\/li>\n<li><span style=\"font-weight: 400\">Analista de Controladoria &#8211; Mogi das Cruzes\/SP;\u00a0<\/span><\/li>\n<li><span style=\"font-weight: 400\">Analista de DHO &#8211; Foco em T&amp;D Mogi das Cruzes\/SP e Remoto;\u00a0\u00a0<\/span><\/li>\n<li><span style=\"font-weight: 400\">Analista de Estoque &#8211; Refrigera\u00e7\u00e3o Mogi das Cruzes\/SP;\u00a0\u00a0<\/span><\/li>\n<li><span style=\"font-weight: 400\">Analista de Importa\u00e7\u00e3o &#8211; SP S\u00e3o Paulo\/SP e Remoto;\u00a0<\/span><\/li>\n<li><span style=\"font-weight: 400\">Analista de Sistema Sr. S\u00e3o Paulo\/SP;\u00a0\u00a0<\/span><\/li>\n<li><span style=\"font-weight: 400\">Analista de Suporte Jr. S\u00e3o Paulo\/SP;\u00a0\u00a0<\/span><\/li>\n<li><span style=\"font-weight: 400\">Analista de VideoMaker S\u00e3o Paulo\/SP;\u00a0\u00a0<\/span><\/li>\n<li><span style=\"font-weight: 400\">Analista Financeiro Junior S\u00e3o Paulo\/SP;\u00a0\u00a0<\/span><\/li>\n<li><span style=\"font-weight: 400\">Assistente de Log\u00edstica &#8211; Itaja\u00ed;\u00a0<\/span><\/li>\n<li><span style=\"font-weight: 400\">Assistente de Log\u00edstica &#8211; Joinville;\u00a0<\/span><\/li>\n<li><span style=\"font-weight: 400\">Assistente de Log\u00edstica &#8211; Jundia\u00ed\/SP;\u00a0\u00a0<\/span><\/li>\n<li><span style=\"font-weight: 400\">Auxiliar de suporte t\u00e9cnico &#8211; SP S\u00e3o Paulo\/SP;\u00a0\u00a0<\/span><\/li>\n<li><span style=\"font-weight: 400\">CFO S\u00e3o Paulo\/SP\u00a0 Conferente de Expedi\u00e7\u00e3o &#8211; Jundia\u00ed\/SP;\u00a0\u00a0<\/span><\/li>\n<li><span style=\"font-weight: 400\">Consultor de Vendas &#8211; Segmento Energia Solar &#8211; BAHIA;\u00a0<\/span><\/li>\n<li><span style=\"font-weight: 400\">Consultor de Vendas &#8211; Segmento Energia Solar &#8211; Minas Gerais e Remoto;\u00a0\u00a0<\/span><\/li>\n<li><span style=\"font-weight: 400\">Consultor de Vendas &#8211; Segmento Energia Solar &#8211; PERNAMBUCO;\u00a0<\/span><\/li>\n<li><span style=\"font-weight: 400\">Consultor de Vendas &#8211; Segmento Energia Solar Recife\/PE e Remoto;\u00a0<\/span><\/li>\n<li><span style=\"font-weight: 400\">Consultor de Vendas &#8211; Segmento Energia Solar &#8211; Rio de Janeiro e Remoto;\u00a0\u00a0<\/span><\/li>\n<li><span style=\"font-weight: 400\">Consultor de Vendas &#8211; Segmento Energia Solar &#8211; Rio Grande do Sul e Remoto;\u00a0\u00a0<\/span><\/li>\n<li><span style=\"font-weight: 400\">Consultor de Vendas &#8211; Segmento Energia Solar &#8211; Santa Catarina CHAPEC\u00d3 e Remoto;\u00a0\u00a0<\/span><\/li>\n<li><span style=\"font-weight: 400\">Consultor de Vendas &#8211; Segmento Energia Solar &#8211; SP S\u00e3o Paulo\/SP e Remoto;\u00a0\u00a0<\/span><\/li>\n<li><span style=\"font-weight: 400\">Coordenador de Compras Internacionais &#8211; Solar S\u00e3o Paulo\/SP;\u00a0\u00a0<\/span><\/li>\n<li><span style=\"font-weight: 400\">Coordenador de Sistemas S\u00e3o Paulo\/SP\u00a0 Designer Digital S\u00e3o Paulo\/SP.<\/span><\/li>\n<\/ul>\n<figure id=\"attachment_9470\" aria-describedby=\"caption-attachment-9470\" style=\"width: 1200px\" class=\"wp-caption aligncenter\"><img decoding=\"async\" class=\"size-full wp-image-9470\" src=\"https:\/\/99empregos.com.br\/wp-content\/uploads\/2022\/12\/elgin-vagas-2022.jpg\" alt=\"Elgin abre novas vagas de emprego, confira. Foto: Divulga\u00e7\u00e3o\" width=\"1200\" height=\"750\" srcset=\"https:\/\/99empregos.com.br\/blog\/wp-content\/uploads\/2022\/12\/elgin-vagas-2022.jpg 1200w, https:\/\/99empregos.com.br\/blog\/wp-content\/uploads\/2022\/12\/elgin-vagas-2022-300x188.jpg 300w, https:\/\/99empregos.com.br\/blog\/wp-content\/uploads\/2022\/12\/elgin-vagas-2022-1024x640.jpg 1024w, https:\/\/99empregos.com.br\/blog\/wp-content\/uploads\/2022\/12\/elgin-vagas-2022-768x480.jpg 768w\" sizes=\"(max-width: 1200px) 100vw, 1200px\" \/><figcaption id=\"caption-attachment-9470\" class=\"wp-caption-text\">Elgin abre novas vagas de emprego, confira. Foto: Divulga\u00e7\u00e3o<\/figcaption><\/figure>\n<h3>Sobre a Elgin<\/h3>\n<p>A Elgin, em seus mais de 69 anos de hist\u00f3ria tornou-se uma marca conhecida por sua qualidade, credibilidade e inova\u00e7\u00f5es constantes, sempre com o objetivo de oferecer os melhores produtos aos seus consumidores. Come\u00e7ando pelo segmento de m\u00e1quinas de costura, diversificou sua atua\u00e7\u00e3o no mercado brasileiro, e hoje conta com uma enorme variedade de produtos para uso comercial e residencial nos segmentos de Ar-Condicionado, Automa\u00e7\u00e3o Comercial, Energia Solar, Escrit\u00f3rio, Ilumina\u00e7\u00e3o, M\u00eddias, Inform\u00e1tica, Pilhas e Carregadores, Refrigera\u00e7\u00e3o, Seguran\u00e7a e Telefonia.<\/p>\n<h3>Como se candidatar<\/h3>\n<p>Se voc\u00ea encontrou uma nova oportunidade de emprego na Elgin, <a href=\"https:\/\/99empregos.com.br\/vaga\/elgin-abre-novas-oportunidades-confira-as-vagas\/\">basta clicar neste link<\/a> para se candidatar. No entanto, antes de efetivar a sua inscri\u00e7\u00e3o, recomendamos que fa\u00e7a uma revis\u00e3o completa e detalhada de todos os pr\u00e9-requisitos solicitados pela companhia. Boa sorte!<\/p>\n","protected":false},"excerpt":{"rendered":"<p>A Elgin, empresa que trabalha com a comercializa\u00e7\u00e3o de diversos produtos, est\u00e1 com novas vagas de emprego abertas. Com mais de 69 anos de hist\u00f3ria, a companhia segue expandindo os seus neg\u00f3cios e agora busca os seguintes profissionais para integrarem sua equipe: Ajudante de Estoque &#8211; Jundia\u00ed\/SP;\u00a0\u00a0 Ajudante Geral Mogi das Cruzes\/SP;\u00a0\u00a0 Ajudante Geral Mogi [&hellip;]<\/p>\n","protected":false},"author":8,"featured_media":9471,"comment_status":"open","ping_status":"closed","sticky":false,"template":"","format":"standard","meta":{"footnotes":""},"categories":[7],"tags":[603,5,37],"class_list":["post-9468","post","type-post","status-publish","format-standard","has-post-thumbnail","hentry","category-noticias","tag-603","tag-empregos","tag-vagas"],"_links":{"self":[{"href":"https:\/\/99empregos.com.br\/blog\/wp-json\/wp\/v2\/posts\/9468","targetHints":{"allow":["GET"]}}],"collection":[{"href":"https:\/\/99empregos.com.br\/blog\/wp-json\/wp\/v2\/posts"}],"about":[{"href":"https:\/\/99empregos.com.br\/blog\/wp-json\/wp\/v2\/types\/post"}],"author":[{"embeddable":true,"href":"https:\/\/99empregos.com.br\/blog\/wp-json\/wp\/v2\/users\/8"}],"replies":[{"embeddable":true,"href":"https:\/\/99empregos.com.br\/blog\/wp-json\/wp\/v2\/comments?post=9468"}],"version-history":[{"count":0,"href":"https:\/\/99empregos.com.br\/blog\/wp-json\/wp\/v2\/posts\/9468\/revisions"}],"wp:featuredmedia":[{"embeddable":true,"href":"https:\/\/99empregos.com.br\/blog\/wp-json\/wp\/v2\/media\/9471"}],"wp:attachment":[{"href":"https:\/\/99empregos.com.br\/blog\/wp-json\/wp\/v2\/media?parent=9468"}],"wp:term":[{"taxonomy":"category","embeddable":true,"href":"https:\/\/99empregos.com.br\/blog\/wp-json\/wp\/v2\/categories?post=9468"},{"taxonomy":"post_tag","embeddable":true,"href":"https:\/\/99empregos.com.br\/blog\/wp-json\/wp\/v2\/tags?post=9468"}],"curies":[{"name":"wp","href":"https:\/\/api.w.org\/{rel}","templated":true}]}}