{"id":9663,"date":"2022-12-09T04:58:23","date_gmt":"2022-12-09T07:58:23","guid":{"rendered":"https:\/\/123empregos.com.br\/?p=9663"},"modified":"2022-12-09T04:58:23","modified_gmt":"2022-12-09T07:58:23","slug":"companhia-do-setor-eletrico-abre-diversas-vagas-confira","status":"publish","type":"post","link":"https:\/\/99empregos.com.br\/blog\/companhia-do-setor-eletrico-abre-diversas-vagas-confira\/","title":{"rendered":"Companhia do setor el\u00e9trico abre diversas vagas, confira"},"content":{"rendered":"<p>O Grupo Cotesa, empresa catarinense que tem como prop\u00f3sito ser parceira estrat\u00e9gica do setor el\u00e9trico brasileiro, est\u00e1 com<a href=\"https:\/\/99empregos.com.br\/vaga\/leveros-divulga-novos-empregos-pelo-pais\/\"> novas vagas de emprego<\/a> abertas. Com mais de 150 empreendimentos atendidos em diversas regi\u00f5es espalhadas pelo Brasil, a companhia segue expandindo os seus neg\u00f3cios e agora recruta os seguintes profissionais:<\/p>\n<ul>\n<li><span style=\"font-weight: 400\">Analista Administrativo Financeiro I &#8211; Cotesa Gest\u00e3o de Energia Florian\u00f3polis\/SC;\u00a0\u00a0<\/span><\/li>\n<li><span style=\"font-weight: 400\">Analista de Dados Jr &#8211; Florian\u00f3polis SC;\u00a0<\/span><\/li>\n<li><span style=\"font-weight: 400\">ANALISTA DE SISTEMAS DE INFORMA\u00c7\u00c3O &#8211; Florian\u00f3polis\/SC;\u00a0<\/span><\/li>\n<li><span style=\"font-weight: 400\">Assistente de Pr\u00e9-opera\u00e7\u00e3o &#8211; Florian\u00f3polis\/SC;<\/span><\/li>\n<li><span style=\"font-weight: 400\">Assistente de Suprimentos (compras t\u00e9cnicas) &#8211; Florian\u00f3polis\/SC;\u00a0<\/span><\/li>\n<li><span style=\"font-weight: 400\">Assistente de Suprimentos &#8211; Florian\u00f3polis\/SC;<\/span><\/li>\n<li><span style=\"font-weight: 400\">Banco de Talentos Banco de talentos Eletricista de LT II &#8211; Campos dos Goytacazes\/RJ;\u00a0<\/span><\/li>\n<li><span style=\"font-weight: 400\">Eletricista de LT II &#8211; S\u00e3o Bernardo do Campo\/SP;\u00a0<\/span><\/li>\n<li><span style=\"font-weight: 400\">Eletricista de LT I &#8211; Lins\/SP;\u00a0<\/span><\/li>\n<li><span style=\"font-weight: 400\">Eletricista de LT I &#8211; Palmeira das Miss\u00f5es\/RS;\u00a0<\/span><\/li>\n<li><span style=\"font-weight: 400\">Eletricista de LT I &#8211; Santa Rita\/MA;\u00a0<\/span><\/li>\n<li><span style=\"font-weight: 400\">Eletricista de LT I &#8211; S\u00e3o Bernardo do Campo\/SP;\u00a0<\/span><\/li>\n<li><span style=\"font-weight: 400\">Eletricista de LT I &#8211; S\u00e3o Mateus\/ES;\u00a0<\/span><\/li>\n<li><span style=\"font-weight: 400\">Eletricista de LT I &#8211; Sol\u00e2nea\/PB;\u00a0<\/span><\/li>\n<li><span style=\"font-weight: 400\">Eletricista de LT I &#8211; Uberl\u00e2ndia\/MG;\u00a0<\/span><\/li>\n<li><span style=\"font-weight: 400\">Eletricista de Manuten\u00e7\u00e3o de Linha de Transmiss\u00e3o I &#8211; Sol\u00e2nea\/PB;\u00a0<\/span><\/li>\n<li><span style=\"font-weight: 400\">Estagi\u00e1rio de Backoffice Florian\u00f3polis\/SC;\u00a0<\/span><\/li>\n<li><span style=\"font-weight: 400\">Inspetor de LT &#8211; S\u00e3o Bernardo do Campo\/SP;\u00a0<\/span><\/li>\n<li><span style=\"font-weight: 400\">Inspetor de LT &#8211; Uberl\u00e2ndia\/MG;\u00a0<\/span><\/li>\n<li><span style=\"font-weight: 400\">Inspetor de Manuten\u00e7\u00e3o de Linha de Transmiss\u00e3o &#8211; Viana\/ES;\u00a0<\/span><\/li>\n<li><span style=\"font-weight: 400\">Jovem Aprendiz (Suprimentos\/Frotas) &#8211; Florian\u00f3polis\/SC;\u00a0<\/span><\/li>\n<li><span style=\"font-weight: 400\">Operador de COS- Florian\u00f3polis\/SC;\u00a0<\/span><\/li>\n<li><span style=\"font-weight: 400\">Operador Mantenedor I &#8211; Agudo\/RS;\u00a0<\/span><\/li>\n<li><span style=\"font-weight: 400\">Operador Mantenedor I &#8211; Agudo\/RS;<\/span><\/li>\n<li><span style=\"font-weight: 400\">Oportunidades para Profissionais com Defici\u00eancia;\u00a0\u00a0<\/span><\/li>\n<li><span style=\"font-weight: 400\">Supervisor de Manuten\u00e7\u00e3o de LT &#8211; S\u00e3o Bernardo do Campo\/SP;\u00a0<\/span><\/li>\n<li><span style=\"font-weight: 400\">T\u00e9cnico(a) de Manuten\u00e7\u00e3o II &#8211; Assis\/SP;\u00a0<\/span><\/li>\n<li><span style=\"font-weight: 400\">T\u00e9cnico(a) de Manuten\u00e7\u00e3o II &#8211; Campinas\/SP;\u00a0<\/span><\/li>\n<li><span style=\"font-weight: 400\">T\u00e9cnico(a) de Manuten\u00e7\u00e3o II &#8211; Chapadinha\/MA;<\/span><\/li>\n<li><span style=\"font-weight: 400\">T\u00e9cnico(a) de Manuten\u00e7\u00e3o II e\/ou III &#8211; Pirapora\/MG;\u00a0<\/span><\/li>\n<li><span style=\"font-weight: 400\">T\u00e9cnico(a) de Manuten\u00e7\u00e3o II e\/ou III &#8211; Santa Vit\u00f3ria do Palmar\/RS;\u00a0<\/span><\/li>\n<li><span style=\"font-weight: 400\">T\u00e9cnico(a) de Manuten\u00e7\u00e3o II &#8211; Garanhuns\/PE;\u00a0<\/span><\/li>\n<li><span style=\"font-weight: 400\">T\u00e9cnico(a) de Manuten\u00e7\u00e3o II &#8211; Igarassu\/PE;<\/span><\/li>\n<li><span style=\"font-weight: 400\">T\u00e9cnico(a) de Manuten\u00e7\u00e3o III &#8211; Itatiba\/SP;<\/span><\/li>\n<li><span style=\"font-weight: 400\">T\u00e9cnico(a) de Manuten\u00e7\u00e3o III &#8211; Oliveira dos Brejinhos\/BA;\u00a0<\/span><\/li>\n<li><span style=\"font-weight: 400\">T\u00e9cnico(a) de Manuten\u00e7\u00e3o II &#8211; Jo\u00e3o C\u00e2mara \/ RN.<\/span><\/li>\n<\/ul>\n<figure id=\"attachment_9665\" aria-describedby=\"caption-attachment-9665\" style=\"width: 1200px\" class=\"wp-caption aligncenter\"><img decoding=\"async\" class=\"size-full wp-image-9665\" src=\"https:\/\/99empregos.com.br\/wp-content\/uploads\/2022\/12\/cotesa-vagas-2022.jpg\" alt=\"Grupo Cotesa est\u00e1 com novas oportunidades de emprego abertas. Foto: Divulga\u00e7\u00e3o\" width=\"1200\" height=\"750\" srcset=\"https:\/\/99empregos.com.br\/blog\/wp-content\/uploads\/2022\/12\/cotesa-vagas-2022.jpg 1200w, https:\/\/99empregos.com.br\/blog\/wp-content\/uploads\/2022\/12\/cotesa-vagas-2022-300x188.jpg 300w, https:\/\/99empregos.com.br\/blog\/wp-content\/uploads\/2022\/12\/cotesa-vagas-2022-1024x640.jpg 1024w, https:\/\/99empregos.com.br\/blog\/wp-content\/uploads\/2022\/12\/cotesa-vagas-2022-768x480.jpg 768w\" sizes=\"(max-width: 1200px) 100vw, 1200px\" \/><figcaption id=\"caption-attachment-9665\" class=\"wp-caption-text\">Grupo Cotesa est\u00e1 com novas oportunidades de emprego abertas. Foto: Divulga\u00e7\u00e3o<\/figcaption><\/figure>\n<h3>Mais informa\u00e7\u00f5es sobre o Grupo Cotesa<\/h3>\n<section id=\"about\" class=\"sc-90af7a72-0 Ogwlu\" data-testid=\"company-description\">\n<div class=\"sc-90af7a72-1 cxPlKI\">\n<p>A COTESA \u00e9 uma empresa catarinense que tem como prop\u00f3sito ser parceira estrat\u00e9gica do setor el\u00e9trico brasileiro. Atua em todo o pa\u00eds com servi\u00e7os especializados, voltados \u00e0 opera\u00e7\u00e3o e manuten\u00e7\u00e3o de ativos el\u00e9tricos de gera\u00e7\u00e3o, transmiss\u00e3o e distribui\u00e7\u00e3o de energia. Ao todo, s\u00e3o mais de 150 empreendimentos atendidos nas diversas regi\u00f5es do Brasil: linhas de transmiss\u00e3o, subesta\u00e7\u00f5es, pequenas centrais hidrel\u00e9tricas, usinas hidrel\u00e9tricas, parques solares fotovoltaicos, parques e\u00f3licos e sistemas el\u00e9tricos de m\u00e9dia e alta tens\u00e3o de plantas industriais eletrointensivas. A COTESA possui um Centro de Opera\u00e7\u00f5es pr\u00f3prio e investe constantemente na capacita\u00e7\u00e3o de sua equipe e no desenvolvimento de tecnologias pr\u00f3prias e customizadas, oferecendo solu\u00e7\u00f5es moldadas \u00e0s necessidades de cada um de seus clientes.<\/p>\n<h3>Como se candidatar<\/h3>\n<p>Se voc\u00ea encontrou uma oportunidade de emprego que se encaixa com o seu perfil profissional, <a href=\"https:\/\/99empregos.com.br\/vaga\/grupo-cotesa-abre-novas-oportunidades-de-emprego-confira\/\">basta clicar neste link<\/a> para se candidatar. No entanto, antes de efetivar a sua inscri\u00e7\u00e3o, recomendamos que fa\u00e7a uma revis\u00e3o completa e detalhada de todos os pr\u00e9-requisitos solicitados pela vaga em quest\u00e3o. Boa sorte!<\/p>\n<\/div>\n<\/section>\n","protected":false},"excerpt":{"rendered":"<p>O Grupo Cotesa, empresa catarinense que tem como prop\u00f3sito ser parceira estrat\u00e9gica do setor el\u00e9trico brasileiro, est\u00e1 com novas vagas de emprego abertas. Com mais de 150 empreendimentos atendidos em diversas regi\u00f5es espalhadas pelo Brasil, a companhia segue expandindo os seus neg\u00f3cios e agora recruta os seguintes profissionais: Analista Administrativo Financeiro I &#8211; Cotesa Gest\u00e3o [&hellip;]<\/p>\n","protected":false},"author":8,"featured_media":9666,"comment_status":"open","ping_status":"closed","sticky":false,"template":"","format":"standard","meta":{"footnotes":""},"categories":[7],"tags":[603,5,634,37],"class_list":["post-9663","post","type-post","status-publish","format-standard","has-post-thumbnail","hentry","category-noticias","tag-603","tag-empregos","tag-oportunidade-unica","tag-vagas"],"_links":{"self":[{"href":"https:\/\/99empregos.com.br\/blog\/wp-json\/wp\/v2\/posts\/9663","targetHints":{"allow":["GET"]}}],"collection":[{"href":"https:\/\/99empregos.com.br\/blog\/wp-json\/wp\/v2\/posts"}],"about":[{"href":"https:\/\/99empregos.com.br\/blog\/wp-json\/wp\/v2\/types\/post"}],"author":[{"embeddable":true,"href":"https:\/\/99empregos.com.br\/blog\/wp-json\/wp\/v2\/users\/8"}],"replies":[{"embeddable":true,"href":"https:\/\/99empregos.com.br\/blog\/wp-json\/wp\/v2\/comments?post=9663"}],"version-history":[{"count":0,"href":"https:\/\/99empregos.com.br\/blog\/wp-json\/wp\/v2\/posts\/9663\/revisions"}],"wp:featuredmedia":[{"embeddable":true,"href":"https:\/\/99empregos.com.br\/blog\/wp-json\/wp\/v2\/media\/9666"}],"wp:attachment":[{"href":"https:\/\/99empregos.com.br\/blog\/wp-json\/wp\/v2\/media?parent=9663"}],"wp:term":[{"taxonomy":"category","embeddable":true,"href":"https:\/\/99empregos.com.br\/blog\/wp-json\/wp\/v2\/categories?post=9663"},{"taxonomy":"post_tag","embeddable":true,"href":"https:\/\/99empregos.com.br\/blog\/wp-json\/wp\/v2\/tags?post=9663"}],"curies":[{"name":"wp","href":"https:\/\/api.w.org\/{rel}","templated":true}]}}