{"id":9701,"date":"2022-12-09T06:05:29","date_gmt":"2022-12-09T09:05:29","guid":{"rendered":"https:\/\/123empregos.com.br\/?p=9701"},"modified":"2022-12-09T06:05:29","modified_gmt":"2022-12-09T09:05:29","slug":"grupo-de-moda-abre-vagas-extras-confira","status":"publish","type":"post","link":"https:\/\/99empregos.com.br\/blog\/grupo-de-moda-abre-vagas-extras-confira\/","title":{"rendered":"Grupo de moda abre vagas extras, confira"},"content":{"rendered":"<p>O OH BOY!, grupo de moda com lojas espalhadas por todo o pa\u00eds, est\u00e1 com <a href=\"https:\/\/99empregos.com.br\/vaga\/mapah-abre-vagas-para-assistente-financeiro-auxiliar-contabil-fiscal-e-muito-mais\/\">novas vagas<\/a> de emprego abertas. Com mais de 25 lojas no Brasil e em parceria com centenas de multimarcas, a companhia segue expandindo os seus neg\u00f3cios e agora busca os seguintes profissionais:<\/p>\n<ul>\n<li><span style=\"font-weight: 400\">Analista de BI | Planejamento de Produto RIO DE JANEIRO;\u00a0\u00a0<\/span><\/li>\n<li><span style=\"font-weight: 400\">Analista de Planejamento RIO DE JANEIRO;\u00a0\u00a0<\/span><\/li>\n<li><span style=\"font-weight: 400\">Analistas de Sistemas RIO DE JANEIRO;\u00a0\u00a0<\/span><\/li>\n<li><span style=\"font-weight: 400\">Analistas de Sistemas RIO DE JANEIRO;\u00a0\u00a0<\/span><\/li>\n<li><span style=\"font-weight: 400\">Assistente de Compras &#8211; Malha RIO DE JANEIRO;\u00a0\u00a0<\/span><\/li>\n<li><span style=\"font-weight: 400\">Assistente de Contabilidade | Vaga exclusiva PCD RIO DE JANEIRO;\u00a0\u00a0<\/span><\/li>\n<li><span style=\"font-weight: 400\">Assistente de Fornecimento | Vaga exclusiva PCD Rio de Janeiro\/RJ;\u00a0\u00a0<\/span><\/li>\n<li><span style=\"font-weight: 400\">Assistente de Fornecimento | Vaga exclusiva PCD RIO DE JANEIRO;\u00a0\u00a0<\/span><\/li>\n<li><span style=\"font-weight: 400\">Assistente de Gente &amp; Gest\u00e3o | Recrutamento &amp; Sele\u00e7\u00e3o RIO DE JANEIRO;\u00a0<\/span><\/li>\n<li><span style=\"font-weight: 400\">Estagi\u00e1rio(a) | Administra\u00e7\u00e3o | Gente &amp; Gest\u00e3o (foco em Projetos) Rio de Janeiro\/RJ;\u00a0<\/span><\/li>\n<li><span style=\"font-weight: 400\">Estagi\u00e1rio(a) | Engenharia de Produ\u00e7\u00e3o | Compras e Mat\u00e9ria Prima RIO DE JANEIRO;\u00a0<\/span><\/li>\n<li><span style=\"font-weight: 400\">Extra Natal | Auxiliar de Loja | Bras\u00edlia;\u00a0<\/span><\/li>\n<li><span style=\"font-weight: 400\">Extra Natal | Auxiliar de Loja | Goi\u00e2nia;\u00a0<\/span><\/li>\n<li><span style=\"font-weight: 400\">Extra Natal | Auxiliar de Loja | Salvador;\u00a0<\/span><\/li>\n<li><span style=\"font-weight: 400\">Extra Natal | Caixa | Cear\u00e1;\u00a0<\/span><\/li>\n<li><span style=\"font-weight: 400\">Extra Natal | Caixa | Goi\u00e2nia;\u00a0<\/span><\/li>\n<li><span style=\"font-weight: 400\">Extra Natal | Caixa | Juiz de Fora;\u00a0<\/span><\/li>\n<li><span style=\"font-weight: 400\">Extra Natal | Caixa | Salvador;\u00a0<\/span><\/li>\n<li><span style=\"font-weight: 400\">Extra Natal | Caixa | S\u00e3o Paulo;\u00a0<\/span><\/li>\n<li><span style=\"font-weight: 400\">Extra Natal | Vendedor(a) | Rio de Janeiro;\u00a0<\/span><\/li>\n<li><span style=\"font-weight: 400\">Extra Natal | Vendedor | Cear\u00e1;\u00a0<\/span><\/li>\n<li><span style=\"font-weight: 400\">Extra Natal | Vendedor | Goi\u00e2nia;\u00a0<\/span><\/li>\n<li><span style=\"font-weight: 400\">Extra Natal | Vendedor | Juiz de Fora;\u00a0<\/span><\/li>\n<li><span style=\"font-weight: 400\">Extra Natal | Vendedor | Salvador;\u00a0<\/span><\/li>\n<li><span style=\"font-weight: 400\">Extra Natal | Vendedor | S\u00e3o Paulo;\u00a0<\/span><\/li>\n<li><span style=\"font-weight: 400\">Modelo de Prova RIO DE JANEIRO;\u00a0<\/span><\/li>\n<li><span style=\"font-weight: 400\">Motorista &#8211; Extra Natal RIO DE JANEIRO.<\/span><\/li>\n<\/ul>\n<figure id=\"attachment_9703\" aria-describedby=\"caption-attachment-9703\" style=\"width: 1200px\" class=\"wp-caption aligncenter\"><img decoding=\"async\" class=\"size-full wp-image-9703\" src=\"https:\/\/99empregos.com.br\/wp-content\/uploads\/2022\/12\/oh-boy-vagas-2022.jpg\" alt=\"OH, BOY! abre novas vagas de emprego, confira. Foto: Divulga\u00e7\u00e3o\" width=\"1200\" height=\"750\" srcset=\"https:\/\/99empregos.com.br\/blog\/wp-content\/uploads\/2022\/12\/oh-boy-vagas-2022.jpg 1200w, https:\/\/99empregos.com.br\/blog\/wp-content\/uploads\/2022\/12\/oh-boy-vagas-2022-300x188.jpg 300w, https:\/\/99empregos.com.br\/blog\/wp-content\/uploads\/2022\/12\/oh-boy-vagas-2022-1024x640.jpg 1024w, https:\/\/99empregos.com.br\/blog\/wp-content\/uploads\/2022\/12\/oh-boy-vagas-2022-768x480.jpg 768w\" sizes=\"(max-width: 1200px) 100vw, 1200px\" \/><figcaption id=\"caption-attachment-9703\" class=\"wp-caption-text\">OH, BOY! abre novas vagas de emprego, confira. Foto: Divulga\u00e7\u00e3o<\/figcaption><\/figure>\n<h3>Sobre o grupo OH BOY!<\/h3>\n<p>Somos um dos principais grupos de moda do pa\u00eds, com cerca de 60 lojas em todo Brasil e mais de 30 anos de hist\u00f3ria. O grupo \u00e9 composto pela SACADA, OH BOY e pela linha teen da marca, a YOBOH.<\/p>\n<p>S\u00e3o 27 lojas e mais de 500 multimarcas levando \u00e0 todo Brasil o mood sofisticado e elegante que marcam a trajet\u00f3ria da SACADA. A cada cole\u00e7\u00e3o o universo da moda, arte e comportamento d\u00e3o vida \u00e0 novos conceitos que traduzem o desejo da mulher contempor\u00e2nea, aliados ao cuidado na escolha dos materiais para criar pe\u00e7as vers\u00e1teis e \u00fanicas. Eleg\u00e2ncia e modernidade formam a ess\u00eancia da mulher SACADA, que busca sofistica\u00e7\u00e3o e praticidade para as ocasi\u00f5es do dia a dia. Especialmente para ela, os itens cl\u00e1ssicos e indispens\u00e1veis do arm\u00e1rio feminino s\u00e3o reinventados, criando cole\u00e7\u00f5es que se adaptam perfeitamente ao seu estilo de vida.<\/p>\n<h3>Como se candidatar<\/h3>\n<p>Se voc\u00ea encontrou uma oportunidade de emprego que se encaixa no seu perfil profissional, <a href=\"https:\/\/99empregos.com.br\/vaga\/lojas-oh-boy-estao-com-novas-vagas-de-emprego-confira\/\">basta clicar neste link<\/a> para se candidatar. No entanto, antes de efetivar a sua inscri\u00e7\u00e3o, recomendamos que fa\u00e7a uma revis\u00e3o completa e detalhada de todos os pr\u00e9-requisitos solicitados. Boa sorte!<\/p>\n","protected":false},"excerpt":{"rendered":"<p>O OH BOY!, grupo de moda com lojas espalhadas por todo o pa\u00eds, est\u00e1 com novas vagas de emprego abertas. Com mais de 25 lojas no Brasil e em parceria com centenas de multimarcas, a companhia segue expandindo os seus neg\u00f3cios e agora busca os seguintes profissionais: Analista de BI | Planejamento de Produto RIO [&hellip;]<\/p>\n","protected":false},"author":8,"featured_media":9704,"comment_status":"open","ping_status":"closed","sticky":false,"template":"","format":"standard","meta":{"footnotes":""},"categories":[7],"tags":[603,778,16],"class_list":["post-9701","post","type-post","status-publish","format-standard","has-post-thumbnail","hentry","category-noticias","tag-603","tag-novas-oportunidades","tag-vagas-de-emprego"],"_links":{"self":[{"href":"https:\/\/99empregos.com.br\/blog\/wp-json\/wp\/v2\/posts\/9701","targetHints":{"allow":["GET"]}}],"collection":[{"href":"https:\/\/99empregos.com.br\/blog\/wp-json\/wp\/v2\/posts"}],"about":[{"href":"https:\/\/99empregos.com.br\/blog\/wp-json\/wp\/v2\/types\/post"}],"author":[{"embeddable":true,"href":"https:\/\/99empregos.com.br\/blog\/wp-json\/wp\/v2\/users\/8"}],"replies":[{"embeddable":true,"href":"https:\/\/99empregos.com.br\/blog\/wp-json\/wp\/v2\/comments?post=9701"}],"version-history":[{"count":0,"href":"https:\/\/99empregos.com.br\/blog\/wp-json\/wp\/v2\/posts\/9701\/revisions"}],"wp:featuredmedia":[{"embeddable":true,"href":"https:\/\/99empregos.com.br\/blog\/wp-json\/wp\/v2\/media\/9704"}],"wp:attachment":[{"href":"https:\/\/99empregos.com.br\/blog\/wp-json\/wp\/v2\/media?parent=9701"}],"wp:term":[{"taxonomy":"category","embeddable":true,"href":"https:\/\/99empregos.com.br\/blog\/wp-json\/wp\/v2\/categories?post=9701"},{"taxonomy":"post_tag","embeddable":true,"href":"https:\/\/99empregos.com.br\/blog\/wp-json\/wp\/v2\/tags?post=9701"}],"curies":[{"name":"wp","href":"https:\/\/api.w.org\/{rel}","templated":true}]}}