{"id":9709,"date":"2022-12-09T06:15:15","date_gmt":"2022-12-09T09:15:15","guid":{"rendered":"https:\/\/123empregos.com.br\/?p=9709"},"modified":"2025-04-23T08:52:55","modified_gmt":"2025-04-23T11:52:55","slug":"grupo-de-advocacia-abre-novas-vagas-de-emprego","status":"publish","type":"post","link":"https:\/\/99empregos.com.br\/blog\/grupo-de-advocacia-abre-novas-vagas-de-emprego\/","title":{"rendered":"Grupo de advocacia abre novas vagas de emprego"},"content":{"rendered":"<p>O Grupo de advocacia Mattos Filho est\u00e1 com novas oportunidades de emprego abertas. Em busca de uma expans\u00e3o cada vez maior dos seus investimentos, a companhia recruta diversos profissionais para diferentes \u00e1reas. Antes de mais nada, portanto, confira quais s\u00e3o as vagas:<\/p>\n<ul>\n<li><span style=\"font-weight: 400\">Advogado j\u00fanior de Ambiental e Mudan\u00e7as clim\u00e1ticas &#8211; Rio de Janeiro\/RJ;\u00a0\u00a0<\/span><\/li>\n<li><span style=\"font-weight: 400\">Advogado j\u00fanior de Direito Trabalhista &#8211; DF Bras\u00edlia;\u00a0\u00a0<\/span><\/li>\n<li><span style=\"font-weight: 400\">Advogado Pleno \u2013 Contencioso e Arbitragem &#8211; atua\u00e7\u00e3o generalista \u2013 SP S\u00e3o Paulo\/SP;\u00a0\u00a0<\/span><\/li>\n<li><span style=\"font-weight: 400\">Advogado pleno de Contencioso e Arbitragem &#8211; foco em Direito Digital &#8211; SP S\u00e3o Paulo\/SP;\u00a0\u00a0<\/span><\/li>\n<li><span style=\"font-weight: 400\">Advogado S\u00eanior de Seguros e Resseguros &#8211; SP S\u00e3o Paulo\/SP;\u00a0\u00a0<\/span><\/li>\n<li><span style=\"font-weight: 400\">Analista pleno de compras &#8211; SP S\u00e3o Paulo\/SP;\u00a0\u00a0<\/span><\/li>\n<li><span style=\"font-weight: 400\">Analista pleno de Comunica\u00e7\u00e3o e Marketing &#8211; DF Bras\u00edlia;\u00a0\u00a0<\/span><\/li>\n<li><span style=\"font-weight: 400\">Analista pleno de rela\u00e7\u00f5es com a m\u00eddia &#8211; SP S\u00e3o Paulo\/SP e Remoto;\u00a0\u00a0<\/span><\/li>\n<li><span style=\"font-weight: 400\">Analista pleno de remunera\u00e7\u00e3o e expatria\u00e7\u00e3o &#8211; SP S\u00e3o Paulo\/SP;\u00a0\u00a0<\/span><\/li>\n<li><span style=\"font-weight: 400\">Analista pleno de sistemas e desenvolvimento &#8211; SP S\u00e3o Paulo\/SP;\u00a0\u00a0<\/span><\/li>\n<li><span style=\"font-weight: 400\">Assistente Paralegal &#8211; SP S\u00e3o Paulo\/SP;\u00a0\u00a0<\/span><\/li>\n<li><span style=\"font-weight: 400\">Assistente Paralegal &#8211; SP (Exclusiva para PCD) S\u00e3o Paulo\/SP;\u00a0\u00a0<\/span><\/li>\n<li><span style=\"font-weight: 400\">Auxiliar administrativo &#8211; DF (exclusiva PCD) Bras\u00edlia;\u00a0<\/span><\/li>\n<li><span style=\"font-weight: 400\">Auxiliar Financeiro &#8211; RJ (Exclusiva para PCD) Rio de Janeiro\/RJ;\u00a0\u00a0<\/span><\/li>\n<li><span style=\"font-weight: 400\">Banco de Talentos &#8211; Diversidade e Inclus\u00e3o;\u00a0<\/span><\/li>\n<li><span style=\"font-weight: 400\">Consultor interno\/BP &#8211; Pleno &#8211; DF Bras\u00edlia;\u00a0\u00a0<\/span><\/li>\n<li><span style=\"font-weight: 400\">Estagi\u00e1rio de Ambiental e Mudan\u00e7as clim\u00e1ticas &#8211; RJ Rio de Janeiro\/RJ;\u00a0<\/span><\/li>\n<li><span style=\"font-weight: 400\">Recepcionista, S\u00e3o Paulo\/SP.<\/span><\/li>\n<\/ul>\n<figure id=\"attachment_9711\" aria-describedby=\"caption-attachment-9711\" style=\"width: 1200px\" class=\"wp-caption aligncenter\"><img decoding=\"async\" class=\"size-full wp-image-9711\" src=\"https:\/\/99empregos.com.br\/wp-content\/uploads\/2022\/12\/mattos-filho-vagas-2022.jpg\" alt=\"Grupo Mattos Filho abre novas vagas de emprego, confira. Foto: Divulga\u00e7\u00e3o\" width=\"1200\" height=\"750\" srcset=\"https:\/\/99empregos.com.br\/blog\/wp-content\/uploads\/2022\/12\/mattos-filho-vagas-2022.jpg 1200w, https:\/\/99empregos.com.br\/blog\/wp-content\/uploads\/2022\/12\/mattos-filho-vagas-2022-300x188.jpg 300w, https:\/\/99empregos.com.br\/blog\/wp-content\/uploads\/2022\/12\/mattos-filho-vagas-2022-1024x640.jpg 1024w, https:\/\/99empregos.com.br\/blog\/wp-content\/uploads\/2022\/12\/mattos-filho-vagas-2022-768x480.jpg 768w\" sizes=\"(max-width: 1200px) 100vw, 1200px\" \/><figcaption id=\"caption-attachment-9711\" class=\"wp-caption-text\">Grupo Mattos Filho abre novas vagas de emprego, confira. Foto: Divulga\u00e7\u00e3o<\/figcaption><\/figure>\n<h3>Mais informa\u00e7\u00f5es sobre o Grupo Mattos Filho<\/h3>\n<p>Movidos pelo objetivo de impulsionar transforma\u00e7\u00f5es no mercado e na sociedade, somos uma marca de alta\u00a0performance\u00a0jur\u00eddica e parceria estrat\u00e9gica que oferece solu\u00e7\u00f5es inovadoras para problemas complexos.\u00a0Refer\u00eancia em\u00a0mais de 40 \u00e1reas do Direito, fomos eleitos, em 2021, como \u201cO escrit\u00f3rio de advocacia do ano no Brasil\u201d, pela Who\u2019s Who Legal, e seis vezes como \u201cO escrit\u00f3rio de advocacia do ano no Brasil\u201d, pela Chambers &amp; Partners,\u00a0rankings\u00a0internacionais prestigiados. Estamos em S\u00e3o Paulo, Campinas, Rio de Janeiro, Bras\u00edlia, Nova Iorque e Londres.<\/p>\n<p>Temos as\u00a0pessoas no centro do nosso neg\u00f3cio, valorizamos a diversidade e investimos em nossos talentos por meio de uma gest\u00e3o humanizada e integrada, pois acreditamos que a colabora\u00e7\u00e3o nos permite crescer juntos e chegar ainda mais longe. Dessa forma, antecipamos tend\u00eancias e unimos\u00a0<em>expertises<\/em>\u00a0para entregas de excel\u00eancia.<\/p>\n<p>Por entender que a atividade jur\u00eddica \u00e9 o meio, e n\u00e3o um fim, tamb\u00e9m\u00a0realizamos e apoiamos iniciativas de impacto socioambiental. Fomos pioneiros na advocacia gratuita no pa\u00eds com o nosso programa de\u00a0<em>pro bono<\/em>, atendendo a organiza\u00e7\u00f5es da sociedade civil com restri\u00e7\u00f5es financeiras e pessoas f\u00edsicas em situa\u00e7\u00e3o de vulnerabilidade social e econ\u00f4mica.<\/p>\n<h3>Como se candidatar<\/h3>\n<p>Se voc\u00ea encontrou uma nova oportunidade de emprego no Grupo Mattos Filho, <a href=\"https:\/\/99empregos.com.br\/vaga\/grupo-mattos-filho-abre-novas-vagas-de-emprego-confira\/\">basta clicar neste link<\/a> para se candidatar. No entanto, antes de efetivar a sua candidatura, recomendamos que fa\u00e7a uma revis\u00e3o completa e detalhada de todos os pr\u00e9-requisitos solicitados pela vaga em quest\u00e3o. Boa sorte!<\/p>\n","protected":false},"excerpt":{"rendered":"<p>O Grupo de advocacia Mattos Filho est\u00e1 com novas oportunidades de emprego abertas. Em busca de uma expans\u00e3o cada vez maior dos seus investimentos, a companhia recruta diversos profissionais para diferentes \u00e1reas. Antes de mais nada, portanto, confira quais s\u00e3o as vagas: Advogado j\u00fanior de Ambiental e Mudan\u00e7as clim\u00e1ticas &#8211; Rio de Janeiro\/RJ;\u00a0\u00a0 Advogado j\u00fanior [&hellip;]<\/p>\n","protected":false},"author":8,"featured_media":9712,"comment_status":"open","ping_status":"closed","sticky":false,"template":"","format":"standard","meta":{"footnotes":""},"categories":[7],"tags":[603,778,248],"class_list":["post-9709","post","type-post","status-publish","format-standard","has-post-thumbnail","hentry","category-noticias","tag-603","tag-novas-oportunidades","tag-vaga"],"_links":{"self":[{"href":"https:\/\/99empregos.com.br\/blog\/wp-json\/wp\/v2\/posts\/9709","targetHints":{"allow":["GET"]}}],"collection":[{"href":"https:\/\/99empregos.com.br\/blog\/wp-json\/wp\/v2\/posts"}],"about":[{"href":"https:\/\/99empregos.com.br\/blog\/wp-json\/wp\/v2\/types\/post"}],"author":[{"embeddable":true,"href":"https:\/\/99empregos.com.br\/blog\/wp-json\/wp\/v2\/users\/8"}],"replies":[{"embeddable":true,"href":"https:\/\/99empregos.com.br\/blog\/wp-json\/wp\/v2\/comments?post=9709"}],"version-history":[{"count":0,"href":"https:\/\/99empregos.com.br\/blog\/wp-json\/wp\/v2\/posts\/9709\/revisions"}],"wp:featuredmedia":[{"embeddable":true,"href":"https:\/\/99empregos.com.br\/blog\/wp-json\/wp\/v2\/media\/9712"}],"wp:attachment":[{"href":"https:\/\/99empregos.com.br\/blog\/wp-json\/wp\/v2\/media?parent=9709"}],"wp:term":[{"taxonomy":"category","embeddable":true,"href":"https:\/\/99empregos.com.br\/blog\/wp-json\/wp\/v2\/categories?post=9709"},{"taxonomy":"post_tag","embeddable":true,"href":"https:\/\/99empregos.com.br\/blog\/wp-json\/wp\/v2\/tags?post=9709"}],"curies":[{"name":"wp","href":"https:\/\/api.w.org\/{rel}","templated":true}]}}