{"id":979,"date":"2022-09-20T10:21:26","date_gmt":"2022-09-20T13:21:26","guid":{"rendered":"https:\/\/123empregos.com.br\/?p=979"},"modified":"2025-05-13T12:02:45","modified_gmt":"2025-05-13T15:02:45","slug":"vagas-rio-de-janeiro-mais-de-869-oportunidades","status":"publish","type":"post","link":"https:\/\/99empregos.com.br\/blog\/vagas-rio-de-janeiro-mais-de-869-oportunidades\/","title":{"rendered":"Vagas Rio de Janeiro: Mais de 869 oportunidades com sal\u00e1rio de at\u00e9 R$ 3.674"},"content":{"rendered":"<p>A Prefeitura do Rio anunciou a abertura de 869 vagas na capital e regi\u00e3o metropolitana. Essas vagas se aplicam a todos os n\u00edveis de ensino, sendo que 394 delas s\u00e3o destinadas a pessoas com defici\u00eancia.<\/p>\n<p>Os sal\u00e1rios variam de 1.212 reais a 3.674 reais. A lista completa de oportunidades na rede social do Minist\u00e9rio do Trabalho e da Receita Municipal.<\/p>\n<p><strong>Veja tamb\u00e9m:\u00a0<\/strong><a href=\"https:\/\/99empregos.com.br\/vagas-de-emprego-fortaleza-cervejaria-60-oportunidades\/\" target=\"_blank\" rel=\"noopener\">Vagas de Emprego Fortaleza: Cervejaria abre mais de 60 oportunidades na capital<\/a><\/p>\n<h2>Vagas de emprego no Rio de Janeiro<\/h2>\n<p>Entre as vagas est\u00e3o as fun\u00e7\u00f5es de motorista de caminh\u00e3o, esteira, auxiliar de eletricista, bombeiro hidr\u00e1ulico, almoxarife, ascensorista, recepcionista hospitalar e t\u00e9cnico em radiologia.<\/p>\n<p><strong>Veja tamb\u00e9m:<\/strong>\u00a0<a href=\"https:\/\/99empregos.com.br\/cate-abre-500-vagas-de-emprego-em-sp\/\" target=\"_blank\" rel=\"noopener\">Cate abre 500 vagas de emprego em SP com inscri\u00e7\u00e3o at\u00e9 21 de setembro<\/a><\/p>\n<p>Para os trabalhadores com defici\u00eancia ou em recupera\u00e7\u00e3o do INSS, h\u00e1 oportunidades para atuar como auxiliares de linha, porteiros, vigias noturnos, baristas, condutores, t\u00e9cnicos de constru\u00e7\u00e3o, psic\u00f3logos e fisioterapeutas.<\/p>\n<h2>Inscri\u00e7\u00f5es<\/h2>\n<p>Os candidatos devem preencher o formul\u00e1rio online <a href=\"https:\/\/docs.google.com\/forms\/d\/e\/1FAIpQLSe1wh16NX9vRXu86imktTOv-_6N2dh93aeW_bnQbMs0QcXSYg\/closedform\" target=\"_blank\" rel=\"noopener\">(https:\/\/bit.ly\/3PkfegX)<\/a> ou enviar o CV para job.smte@gmail.com. Para oportunidades para trabalhadores com defici\u00eancia, \u00e9 necess\u00e1rio enviar CV para o e-mail vacapcd.smte@gmail.com.<\/p>\n<h2>Outras vagas de emprego dentro do Rio de Janeiro<\/h2>\n<p>A Comunidade Cat\u00f3lica Gerando Vidas arrecadou 619 vagas ativas. As posi\u00e7\u00f5es de recrutamento incluem agentes imobili\u00e1rios, assistentes de carga e descarga, recepcionistas, manicures e assistentes administrativos.<\/p>\n<p>As oportunidades est\u00e3o dispon\u00edveis em diferentes comunidades do Rio de Janeiro e em cidades como Nova Igua\u00e7u, Duque de Caxias e S\u00e3o Gon\u00e7alo.<\/p>\n<p>Tamb\u00e9m foram abertas 1.129 vagas tempor\u00e1rias para o Natal, como atendente de sapataria, operador de loja de eletr\u00f4nicos e vendedor de loja multiprodutos. Para visualizar a lista completa de vagas, sal\u00e1rios e matr\u00edculas, os interessados \u200b\u200bdevem acessar o site https:\/\/portalemprego.com.br\/.<\/p>\n","protected":false},"excerpt":{"rendered":"<p>A Prefeitura do Rio anunciou a abertura de 869 vagas na capital e regi\u00e3o metropolitana. Essas vagas se aplicam a todos os n\u00edveis de ensino, sendo que 394 delas s\u00e3o destinadas a pessoas com defici\u00eancia. Os sal\u00e1rios variam de 1.212 reais a 3.674 reais. A lista completa de oportunidades na rede social do Minist\u00e9rio do [&hellip;]<\/p>\n","protected":false},"author":4,"featured_media":982,"comment_status":"open","ping_status":"closed","sticky":false,"template":"","format":"standard","meta":{"footnotes":""},"categories":[15],"tags":[149,150,151],"class_list":["post-979","post","type-post","status-publish","format-standard","has-post-thumbnail","hentry","category-vagas","tag-emprego-rio-de-janeiro","tag-vagas-de-emprego-rj","tag-vagas-rio-de-janeiro"],"_links":{"self":[{"href":"https:\/\/99empregos.com.br\/blog\/wp-json\/wp\/v2\/posts\/979","targetHints":{"allow":["GET"]}}],"collection":[{"href":"https:\/\/99empregos.com.br\/blog\/wp-json\/wp\/v2\/posts"}],"about":[{"href":"https:\/\/99empregos.com.br\/blog\/wp-json\/wp\/v2\/types\/post"}],"author":[{"embeddable":true,"href":"https:\/\/99empregos.com.br\/blog\/wp-json\/wp\/v2\/users\/4"}],"replies":[{"embeddable":true,"href":"https:\/\/99empregos.com.br\/blog\/wp-json\/wp\/v2\/comments?post=979"}],"version-history":[{"count":0,"href":"https:\/\/99empregos.com.br\/blog\/wp-json\/wp\/v2\/posts\/979\/revisions"}],"wp:featuredmedia":[{"embeddable":true,"href":"https:\/\/99empregos.com.br\/blog\/wp-json\/wp\/v2\/media\/982"}],"wp:attachment":[{"href":"https:\/\/99empregos.com.br\/blog\/wp-json\/wp\/v2\/media?parent=979"}],"wp:term":[{"taxonomy":"category","embeddable":true,"href":"https:\/\/99empregos.com.br\/blog\/wp-json\/wp\/v2\/categories?post=979"},{"taxonomy":"post_tag","embeddable":true,"href":"https:\/\/99empregos.com.br\/blog\/wp-json\/wp\/v2\/tags?post=979"}],"curies":[{"name":"wp","href":"https:\/\/api.w.org\/{rel}","templated":true}]}}